{"id":3902,"date":"2016-12-01T23:04:13","date_gmt":"2016-12-01T23:04:13","guid":{"rendered":"http:\/\/todoapulmon-rafaela.com\/?p=3902"},"modified":"2016-12-01T23:04:13","modified_gmt":"2016-12-01T23:04:13","slug":"juan-campos-presencia-rafaelina-en-el-nacional-u20","status":"publish","type":"post","link":"https:\/\/todoapulmon-rafaela.com\/index.php\/2016\/12\/01\/juan-campos-presencia-rafaelina-en-el-nacional-u20\/","title":{"rendered":"Juan Campos, presencia rafaelina en el Nacional U20"},"content":{"rendered":"<p>Este s\u00e1bado y domingo se desarrollar\u00e1 en Mar del Plata el \u00faltimo torneo Nacional de la temporada de atletismo en el pa\u00eds. Se trata del reservado para la categor\u00eda U20, donde estar\u00e1 presente el marchista del Centro de Educaci\u00f3n F\u00edsica N\u00ba 53, Juan Campos.<\/p>\n<p>Su prueba, en la distancia de 10.000 metros, se realizar\u00e1 el s\u00e1bado en horas del mediod\u00eda. En esta oportunidad no estar\u00e1 junto al entrenador Ariel Magallanes, ya que se encuentra en Buenos Aires tomando parte del curso de saltos horizontales de la CADA con Nelio Moura.<\/p>\n","protected":false},"excerpt":{"rendered":"<p>Este s\u00e1bado y domingo se desarrollar\u00e1 en Mar del Plata el \u00faltimo torneo Nacional de la temporada de atletismo en<\/p>\n","protected":false},"author":2,"featured_media":3903,"comment_status":"open","ping_status":"open","sticky":false,"template":"","format":"standard","meta":{"footnotes":""},"categories":[7,24],"tags":[],"class_list":["post-3902","post","type-post","status-publish","format-standard","has-post-thumbnail","hentry","category-atletismo","category-noticias-destacadas"],"cc_featured_image_caption":{"caption_text":"Juan Campos estar\u00e1 en el Nacional.","source_text":"","source_url":""},"_links":{"self":[{"href":"https:\/\/todoapulmon-rafaela.com\/index.php\/wp-json\/wp\/v2\/posts\/3902"}],"collection":[{"href":"https:\/\/todoapulmon-rafaela.com\/index.php\/wp-json\/wp\/v2\/posts"}],"about":[{"href":"https:\/\/todoapulmon-rafaela.com\/index.php\/wp-json\/wp\/v2\/types\/post"}],"author":[{"embeddable":true,"href":"https:\/\/todoapulmon-rafaela.com\/index.php\/wp-json\/wp\/v2\/users\/2"}],"replies":[{"embeddable":true,"href":"https:\/\/todoapulmon-rafaela.com\/index.php\/wp-json\/wp\/v2\/comments?post=3902"}],"version-history":[{"count":1,"href":"https:\/\/todoapulmon-rafaela.com\/index.php\/wp-json\/wp\/v2\/posts\/3902\/revisions"}],"predecessor-version":[{"id":3904,"href":"https:\/\/todoapulmon-rafaela.com\/index.php\/wp-json\/wp\/v2\/posts\/3902\/revisions\/3904"}],"wp:featuredmedia":[{"embeddable":true,"href":"https:\/\/todoapulmon-rafaela.com\/index.php\/wp-json\/wp\/v2\/media\/3903"}],"wp:attachment":[{"href":"https:\/\/todoapulmon-rafaela.com\/index.php\/wp-json\/wp\/v2\/media?parent=3902"}],"wp:term":[{"taxonomy":"category","embeddable":true,"href":"https:\/\/todoapulmon-rafaela.com\/index.php\/wp-json\/wp\/v2\/categories?post=3902"},{"taxonomy":"post_tag","embeddable":true,"href":"https:\/\/todoapulmon-rafaela.com\/index.php\/wp-json\/wp\/v2\/tags?post=3902"}],"curies":[{"name":"wp","href":"https:\/\/api.w.org\/{rel}","templated":true}]}}