{"id":39018,"date":"2023-04-25T14:50:26","date_gmt":"2023-04-25T14:50:26","guid":{"rendered":"https:\/\/todoapulmon-rafaela.com\/?p=39018"},"modified":"2023-04-25T14:50:26","modified_gmt":"2023-04-25T14:50:26","slug":"bikers-rafaelinos-se-destacaron-en-las-gramillas","status":"publish","type":"post","link":"https:\/\/todoapulmon-rafaela.com\/index.php\/2023\/04\/25\/bikers-rafaelinos-se-destacaron-en-las-gramillas\/","title":{"rendered":"Bikers rafaelinos se destacaron en Las Gramillas"},"content":{"rendered":"<p>El domingo se realiz\u00f3 en Las Gramillas la segunda fecha del campeonato Regional de Rural Bike Ansenuza Mar Chiquita, en la provincia de C\u00f3rdoba, donde participan asiduamente bikers de nuestra ciudad y zona.<\/p>\n<p>Cristian Inwinkelried fue ganador nuevamente en la categor\u00eda B2 con un tiempo de 1h 45m 57s; mientras que tambi\u00e9n fue vencedor de Rafaela, Daniel Schmidt en la divisi\u00f3n Master C2, escoltado por otro biker rafaelino, Marcelo Fuglini.<\/p>\n<p>Asimismo, Dar\u00edo Sedlacek culmin\u00f3 primero en Master D2.<\/p>\n<p>En la categor\u00eda Master B1 se destacaron C\u00e9sar Peralta (tercero), Esteban P\u00e9rez (cuarto) y Ra\u00fal Boretto (quinto), entre los mejores ubicados.<\/p>\n<p><img loading=\"lazy\" decoding=\"async\" class=\"alignnone size-full wp-image-39020\" src=\"https:\/\/todoapulmon-rafaela.com\/wp-content\/uploads\/2023\/04\/Las-Gramillas.jpg\" alt=\"\" width=\"2048\" height=\"1362\" srcset=\"https:\/\/todoapulmon-rafaela.com\/wp-content\/uploads\/2023\/04\/Las-Gramillas.jpg 2048w, https:\/\/todoapulmon-rafaela.com\/wp-content\/uploads\/2023\/04\/Las-Gramillas-300x200.jpg 300w, https:\/\/todoapulmon-rafaela.com\/wp-content\/uploads\/2023\/04\/Las-Gramillas-1536x1022.jpg 1536w\" sizes=\"(max-width: 2048px) 100vw, 2048px\" \/><\/p>\n<p>En la clasificaci\u00f3n general principal se impuso Pablo Cavaleris, de San Francisco, seguido por Marcos Alvarez (Villa del Rosario), en tanto que fue tercero C\u00e9sar Peralta.<\/p>\n","protected":false},"excerpt":{"rendered":"<p>El domingo se realiz\u00f3 en Las Gramillas la segunda fecha del campeonato Regional de Rural Bike Ansenuza Mar Chiquita, en<\/p>\n","protected":false},"author":2,"featured_media":39019,"comment_status":"closed","ping_status":"closed","sticky":false,"template":"","format":"standard","meta":{"footnotes":""},"categories":[4],"tags":[],"class_list":["post-39018","post","type-post","status-publish","format-standard","has-post-thumbnail","hentry","category-ciclismo"],"cc_featured_image_caption":{"caption_text":"Cristian Inwinkelried se impuso en Master B2 (foto Javier Galgo Galfr\u00e9).","source_text":"","source_url":""},"_links":{"self":[{"href":"https:\/\/todoapulmon-rafaela.com\/index.php\/wp-json\/wp\/v2\/posts\/39018"}],"collection":[{"href":"https:\/\/todoapulmon-rafaela.com\/index.php\/wp-json\/wp\/v2\/posts"}],"about":[{"href":"https:\/\/todoapulmon-rafaela.com\/index.php\/wp-json\/wp\/v2\/types\/post"}],"author":[{"embeddable":true,"href":"https:\/\/todoapulmon-rafaela.com\/index.php\/wp-json\/wp\/v2\/users\/2"}],"replies":[{"embeddable":true,"href":"https:\/\/todoapulmon-rafaela.com\/index.php\/wp-json\/wp\/v2\/comments?post=39018"}],"version-history":[{"count":1,"href":"https:\/\/todoapulmon-rafaela.com\/index.php\/wp-json\/wp\/v2\/posts\/39018\/revisions"}],"predecessor-version":[{"id":39021,"href":"https:\/\/todoapulmon-rafaela.com\/index.php\/wp-json\/wp\/v2\/posts\/39018\/revisions\/39021"}],"wp:featuredmedia":[{"embeddable":true,"href":"https:\/\/todoapulmon-rafaela.com\/index.php\/wp-json\/wp\/v2\/media\/39019"}],"wp:attachment":[{"href":"https:\/\/todoapulmon-rafaela.com\/index.php\/wp-json\/wp\/v2\/media?parent=39018"}],"wp:term":[{"taxonomy":"category","embeddable":true,"href":"https:\/\/todoapulmon-rafaela.com\/index.php\/wp-json\/wp\/v2\/categories?post=39018"},{"taxonomy":"post_tag","embeddable":true,"href":"https:\/\/todoapulmon-rafaela.com\/index.php\/wp-json\/wp\/v2\/tags?post=39018"}],"curies":[{"name":"wp","href":"https:\/\/api.w.org\/{rel}","templated":true}]}}