{"id":38949,"date":"2023-04-23T13:46:17","date_gmt":"2023-04-23T13:46:17","guid":{"rendered":"https:\/\/todoapulmon-rafaela.com\/?p=38949"},"modified":"2023-04-23T13:51:15","modified_gmt":"2023-04-23T13:51:15","slug":"natalia-vera-tuvo-accion-en-milton","status":"publish","type":"post","link":"https:\/\/todoapulmon-rafaela.com\/index.php\/2023\/04\/23\/natalia-vera-tuvo-accion-en-milton\/","title":{"rendered":"Natalia Vera tuvo acci\u00f3n en Milton"},"content":{"rendered":"<p>En el primer d\u00eda de la Copa de las Naciones de Ciclismo UCI en Milton, Canad\u00e1, la prueba de velocidad femenina tuvo el s\u00e1bado la participaci\u00f3n de Natalia Vera.<\/p>\n<p>La representante del Club Ciclista de Rafaela se clasific\u00f3 en el puesto 22 con un tiempo de 11s 152\/1000, mientras que la bonaerense Valentina Luna se ubic\u00f3 28 con 11s 541.<\/p>\n<p>En el primer Heat, la representante del Club Ciclista de Rafaela no pudo con la polaca Nikola Sibiak y Luna fue eliminada por la china Yulu Jiang.<\/p>\n<p>Este domingo, Natalia Vera intervendr\u00e1 en el Keirin.<\/p>\n","protected":false},"excerpt":{"rendered":"<p>En el primer d\u00eda de la Copa de las Naciones de Ciclismo UCI en Milton, Canad\u00e1, la prueba de velocidad<\/p>\n","protected":false},"author":2,"featured_media":38953,"comment_status":"closed","ping_status":"closed","sticky":false,"template":"","format":"standard","meta":{"footnotes":""},"categories":[4,24],"tags":[],"class_list":["post-38949","post","type-post","status-publish","format-standard","has-post-thumbnail","hentry","category-ciclismo","category-noticias-destacadas"],"cc_featured_image_caption":{"caption_text":"","source_text":"","source_url":""},"_links":{"self":[{"href":"https:\/\/todoapulmon-rafaela.com\/index.php\/wp-json\/wp\/v2\/posts\/38949"}],"collection":[{"href":"https:\/\/todoapulmon-rafaela.com\/index.php\/wp-json\/wp\/v2\/posts"}],"about":[{"href":"https:\/\/todoapulmon-rafaela.com\/index.php\/wp-json\/wp\/v2\/types\/post"}],"author":[{"embeddable":true,"href":"https:\/\/todoapulmon-rafaela.com\/index.php\/wp-json\/wp\/v2\/users\/2"}],"replies":[{"embeddable":true,"href":"https:\/\/todoapulmon-rafaela.com\/index.php\/wp-json\/wp\/v2\/comments?post=38949"}],"version-history":[{"count":1,"href":"https:\/\/todoapulmon-rafaela.com\/index.php\/wp-json\/wp\/v2\/posts\/38949\/revisions"}],"predecessor-version":[{"id":38951,"href":"https:\/\/todoapulmon-rafaela.com\/index.php\/wp-json\/wp\/v2\/posts\/38949\/revisions\/38951"}],"wp:featuredmedia":[{"embeddable":true,"href":"https:\/\/todoapulmon-rafaela.com\/index.php\/wp-json\/wp\/v2\/media\/38953"}],"wp:attachment":[{"href":"https:\/\/todoapulmon-rafaela.com\/index.php\/wp-json\/wp\/v2\/media?parent=38949"}],"wp:term":[{"taxonomy":"category","embeddable":true,"href":"https:\/\/todoapulmon-rafaela.com\/index.php\/wp-json\/wp\/v2\/categories?post=38949"},{"taxonomy":"post_tag","embeddable":true,"href":"https:\/\/todoapulmon-rafaela.com\/index.php\/wp-json\/wp\/v2\/tags?post=38949"}],"curies":[{"name":"wp","href":"https:\/\/api.w.org\/{rel}","templated":true}]}}