{"id":38863,"date":"2023-04-19T13:02:08","date_gmt":"2023-04-19T13:02:08","guid":{"rendered":"https:\/\/todoapulmon-rafaela.com\/?p=38863"},"modified":"2023-04-19T13:02:08","modified_gmt":"2023-04-19T13:02:08","slug":"buena-tarea-de-bikers-rafaelinos-en-el-pan-de-azucar","status":"publish","type":"post","link":"https:\/\/todoapulmon-rafaela.com\/index.php\/2023\/04\/19\/buena-tarea-de-bikers-rafaelinos-en-el-pan-de-azucar\/","title":{"rendered":"Buena tarea de bikers rafaelinos en el Pan de Az\u00facar"},"content":{"rendered":"<p>El reciente fin de semana se realiz\u00f3 una nueva edici\u00f3n de la competencia de MTB Pan de Az\u00facar, en las inmediaciones de Villa Allende, C\u00f3rdoba. All\u00ed se dio una buena participaci\u00f3n de bikers rafaelinos y de la zona entre los m\u00e1s de 370 varones y 40 mujeres inscriptos en las pruebas competitivas, sobre un recorrido de 55 kil\u00f3metros.<\/p>\n<p>En damas C cabe destacar el tercer puesto de Rosal\u00eda Gentinetta con un tiempo de 2h 28m 40s.<\/p>\n<p><img loading=\"lazy\" decoding=\"async\" class=\"alignnone size-full wp-image-38865\" src=\"https:\/\/todoapulmon-rafaela.com\/wp-content\/uploads\/2023\/04\/Screenshot_20230419-094351_Facebook.jpg\" alt=\"\" width=\"720\" height=\"772\" srcset=\"https:\/\/todoapulmon-rafaela.com\/wp-content\/uploads\/2023\/04\/Screenshot_20230419-094351_Facebook.jpg 720w, https:\/\/todoapulmon-rafaela.com\/wp-content\/uploads\/2023\/04\/Screenshot_20230419-094351_Facebook-280x300.jpg 280w\" sizes=\"(max-width: 720px) 100vw, 720px\" \/><\/p>\n<p>Por otra parte, Carolina Antelo se ubic\u00f3 s\u00e9ptima en Elite y Araceli Costamagna 15 en categor\u00eda B.<\/p>\n<p>En varones, Norberto Willener fue ganador de la categor\u00eda D1 en 2h 18m 52s.<\/p>\n<p>Adem\u00e1s, Mat\u00edas Dominino qued\u00f3 cuarto en B1 con 1h 54m 15s (26 en la general), y en esa misma divisi\u00f3n fue 19 Edgardo Rasetto.<\/p>\n<p>Juan Roggero fue quinto en A1, mientras que Germ\u00e1n Leandri se ubic\u00f3 21.<\/p>\n<p>En C1 se ubic\u00f3 s\u00e9ptimo C\u00e9sar Bonetto y fue und\u00e9cimo Daniel Castillo (Lehmann).<\/p>\n<p>En juveniles arrib\u00f3 d\u00e9cimo el lehmense Jer\u00f3nimo Castillo y 13 Luciano Ambort. Mientras que en Elite lleg\u00f3 26 David Leandri.<\/p>\n<p>Pasando a B2, qued\u00f3 14 Guillermo Basso y 39 Joaqu\u00edn Rocca.<\/p>\n","protected":false},"excerpt":{"rendered":"<p>El reciente fin de semana se realiz\u00f3 una nueva edici\u00f3n de la competencia de MTB Pan de Az\u00facar, en las<\/p>\n","protected":false},"author":2,"featured_media":38864,"comment_status":"closed","ping_status":"closed","sticky":false,"template":"","format":"standard","meta":{"footnotes":""},"categories":[4,24],"tags":[],"class_list":["post-38863","post","type-post","status-publish","format-standard","has-post-thumbnail","hentry","category-ciclismo","category-noticias-destacadas"],"cc_featured_image_caption":{"caption_text":"Norberto Willener se impuso en la categor\u00eda D1.","source_text":"","source_url":""},"_links":{"self":[{"href":"https:\/\/todoapulmon-rafaela.com\/index.php\/wp-json\/wp\/v2\/posts\/38863"}],"collection":[{"href":"https:\/\/todoapulmon-rafaela.com\/index.php\/wp-json\/wp\/v2\/posts"}],"about":[{"href":"https:\/\/todoapulmon-rafaela.com\/index.php\/wp-json\/wp\/v2\/types\/post"}],"author":[{"embeddable":true,"href":"https:\/\/todoapulmon-rafaela.com\/index.php\/wp-json\/wp\/v2\/users\/2"}],"replies":[{"embeddable":true,"href":"https:\/\/todoapulmon-rafaela.com\/index.php\/wp-json\/wp\/v2\/comments?post=38863"}],"version-history":[{"count":1,"href":"https:\/\/todoapulmon-rafaela.com\/index.php\/wp-json\/wp\/v2\/posts\/38863\/revisions"}],"predecessor-version":[{"id":38866,"href":"https:\/\/todoapulmon-rafaela.com\/index.php\/wp-json\/wp\/v2\/posts\/38863\/revisions\/38866"}],"wp:featuredmedia":[{"embeddable":true,"href":"https:\/\/todoapulmon-rafaela.com\/index.php\/wp-json\/wp\/v2\/media\/38864"}],"wp:attachment":[{"href":"https:\/\/todoapulmon-rafaela.com\/index.php\/wp-json\/wp\/v2\/media?parent=38863"}],"wp:term":[{"taxonomy":"category","embeddable":true,"href":"https:\/\/todoapulmon-rafaela.com\/index.php\/wp-json\/wp\/v2\/categories?post=38863"},{"taxonomy":"post_tag","embeddable":true,"href":"https:\/\/todoapulmon-rafaela.com\/index.php\/wp-json\/wp\/v2\/tags?post=38863"}],"curies":[{"name":"wp","href":"https:\/\/api.w.org\/{rel}","templated":true}]}}