{"id":38839,"date":"2023-04-19T01:13:39","date_gmt":"2023-04-19T01:13:39","guid":{"rendered":"https:\/\/todoapulmon-rafaela.com\/?p=38839"},"modified":"2023-04-19T01:13:39","modified_gmt":"2023-04-19T01:13:39","slug":"karatecas-de-almagro-compitieron-en-villa-carlos-paz","status":"publish","type":"post","link":"https:\/\/todoapulmon-rafaela.com\/index.php\/2023\/04\/19\/karatecas-de-almagro-compitieron-en-villa-carlos-paz\/","title":{"rendered":"Karatecas de Almagro compitieron en Villa Carlos Paz"},"content":{"rendered":"<p>El domingo 16 de abril se desarroll\u00f3 en el Sal\u00f3n de Eventos del Hotel M\u00f3naco, de Villa Carlos Paz, un torneo Interestilos de Karate-Do en el que participaron representantes del Club Almagro de Rafaela.<br \/>\nLos mismos fueron\u00a0Axel Navarro, Nicol\u00e1s Echevarr\u00eda, Tiziano Oesquer y Mateo Moncada, con meritorias performances.<br \/>\nAxel Navarro fue 1\u00b0 en Kumite 11 y 12 a\u00f1os; Nicol\u00e1s Echevarr\u00eda 2\u00b0 en Kumite 13 y 14 a\u00f1os, 3\u00b0 en Kata 13 y 14 a\u00f1os; Mateo Moncada 1\u00b0 en Kumite Equipos de 15 a 17 a\u00f1os; mientras que Moncada, Oesquer y Echevarr\u00eda quedaron 3\u00b0 en Kata Equipos Libres de 13 a 17 a\u00f1os.<\/p>\n","protected":false},"excerpt":{"rendered":"<p>El domingo 16 de abril se desarroll\u00f3 en el Sal\u00f3n de Eventos del Hotel M\u00f3naco, de Villa Carlos Paz, un<\/p>\n","protected":false},"author":2,"featured_media":38843,"comment_status":"closed","ping_status":"closed","sticky":false,"template":"","format":"standard","meta":{"footnotes":""},"categories":[18],"tags":[],"class_list":["post-38839","post","type-post","status-publish","format-standard","has-post-thumbnail","hentry","category-artes-marciales"],"cc_featured_image_caption":{"caption_text":"","source_text":"","source_url":""},"_links":{"self":[{"href":"https:\/\/todoapulmon-rafaela.com\/index.php\/wp-json\/wp\/v2\/posts\/38839"}],"collection":[{"href":"https:\/\/todoapulmon-rafaela.com\/index.php\/wp-json\/wp\/v2\/posts"}],"about":[{"href":"https:\/\/todoapulmon-rafaela.com\/index.php\/wp-json\/wp\/v2\/types\/post"}],"author":[{"embeddable":true,"href":"https:\/\/todoapulmon-rafaela.com\/index.php\/wp-json\/wp\/v2\/users\/2"}],"replies":[{"embeddable":true,"href":"https:\/\/todoapulmon-rafaela.com\/index.php\/wp-json\/wp\/v2\/comments?post=38839"}],"version-history":[{"count":1,"href":"https:\/\/todoapulmon-rafaela.com\/index.php\/wp-json\/wp\/v2\/posts\/38839\/revisions"}],"predecessor-version":[{"id":38842,"href":"https:\/\/todoapulmon-rafaela.com\/index.php\/wp-json\/wp\/v2\/posts\/38839\/revisions\/38842"}],"wp:featuredmedia":[{"embeddable":true,"href":"https:\/\/todoapulmon-rafaela.com\/index.php\/wp-json\/wp\/v2\/media\/38843"}],"wp:attachment":[{"href":"https:\/\/todoapulmon-rafaela.com\/index.php\/wp-json\/wp\/v2\/media?parent=38839"}],"wp:term":[{"taxonomy":"category","embeddable":true,"href":"https:\/\/todoapulmon-rafaela.com\/index.php\/wp-json\/wp\/v2\/categories?post=38839"},{"taxonomy":"post_tag","embeddable":true,"href":"https:\/\/todoapulmon-rafaela.com\/index.php\/wp-json\/wp\/v2\/tags?post=38839"}],"curies":[{"name":"wp","href":"https:\/\/api.w.org\/{rel}","templated":true}]}}