{"id":38812,"date":"2023-04-17T18:17:52","date_gmt":"2023-04-17T18:17:52","guid":{"rendered":"https:\/\/todoapulmon-rafaela.com\/?p=38812"},"modified":"2023-04-17T18:18:28","modified_gmt":"2023-04-17T18:18:28","slug":"provincial-de-atletismo","status":"publish","type":"post","link":"https:\/\/todoapulmon-rafaela.com\/index.php\/2023\/04\/17\/provincial-de-atletismo\/","title":{"rendered":"Provincial de atletismo con buenas sensaciones"},"content":{"rendered":"<p>El s\u00e1bado se desarroll\u00f3 en el CARD de Santa Fe el Campeonato Provincial de Mayores y Provincial U20 de atletismo, en el cual participaron varios atletas del CRAS de nuestra ciudad.<\/p>\n<p>Buen regreso a las competencias de <strong>Valentin Menossi<\/strong>, que fue segundo en lanzamiento de martillo con 53m 40 superando por buen margen la m\u00ednima para el Nacional, escoltando al ganador Tob\u00edas Cacciabue que marc\u00f3 55m18. En la prueba femenina de martillo <strong>Virginia Abba<\/strong> lanz\u00f3 el implemento a 38m 93, siendo estos lanzadores entrenados por <strong>Leandro Bonamino<\/strong> los \u00fanicos mayores de nuestra ciudad participantes.<\/p>\n<figure id=\"attachment_38817\" aria-describedby=\"caption-attachment-38817\" style=\"width: 541px\" class=\"wp-caption alignnone\"><img loading=\"lazy\" decoding=\"async\" class=\"size-full wp-image-38817\" src=\"https:\/\/todoapulmon-rafaela.com\/wp-content\/uploads\/2023\/04\/Screenshot_20230417-150947_Instagram1.jpg\" alt=\"\" width=\"541\" height=\"557\" srcset=\"https:\/\/todoapulmon-rafaela.com\/wp-content\/uploads\/2023\/04\/Screenshot_20230417-150947_Instagram1.jpg 541w, https:\/\/todoapulmon-rafaela.com\/wp-content\/uploads\/2023\/04\/Screenshot_20230417-150947_Instagram1-291x300.jpg 291w\" sizes=\"(max-width: 541px) 100vw, 541px\" \/><figcaption id=\"caption-attachment-38817\" class=\"wp-caption-text\">El podio de lanzamiento de martillo en mayores, donde fue segundo Valent\u00edn Menossi.<\/figcaption><\/figure>\n<p>En U20 fue campe\u00f3n <strong>St\u00e9fano Seraf\u00edn<\/strong> en salto en largo con 6m48, prueba donde fue quinto <strong>Bruno Borghessi.<\/strong><\/p>\n<p>Asimismo, cabe destacar el doblete de t\u00edtulos del lehmense <strong>Benjam\u00edn Castillo Molina<\/strong> en 800 (1m 57s 82) y 1.500 metros (4m 17s 87).<\/p>\n<p>En mujeres, fue campeona provincial U20 <strong>Camila Rodriguez<\/strong> en los 100 metros llanos con 12s 77, lo mismo que en 200 llanos con 27s 36.<\/p>\n<p>En tanto, <strong>Valentina Okon<\/strong> fue primera en salto en largo con 5m 05 y su hermana <strong>Abril Okon<\/strong> salt\u00f3 1m 63 en largo, en la previa al viaje a Posadas para el torneo internacional ABP. En tanto, <strong>Josefina Millimaci<\/strong> registr\u00f3 10m 45 en salto triple.<\/p>\n<figure id=\"attachment_38816\" aria-describedby=\"caption-attachment-38816\" style=\"width: 720px\" class=\"wp-caption alignnone\"><img loading=\"lazy\" decoding=\"async\" class=\"size-full wp-image-38816\" src=\"https:\/\/todoapulmon-rafaela.com\/wp-content\/uploads\/2023\/04\/Screenshot_20230417-150825_Instagram1.jpg\" alt=\"\" width=\"720\" height=\"660\" srcset=\"https:\/\/todoapulmon-rafaela.com\/wp-content\/uploads\/2023\/04\/Screenshot_20230417-150825_Instagram1.jpg 720w, https:\/\/todoapulmon-rafaela.com\/wp-content\/uploads\/2023\/04\/Screenshot_20230417-150825_Instagram1-300x275.jpg 300w\" sizes=\"(max-width: 720px) 100vw, 720px\" \/><figcaption id=\"caption-attachment-38816\" class=\"wp-caption-text\">Uno de los saltos de Abril Okon.<\/figcaption><\/figure>\n<p>Una de las buenas marcas estuvo dada por la marchista <strong>Magal\u00ed Allassia<\/strong>, entrenada por <strong>Ariel Magallanes<\/strong>, que en los 10.000 metros comparti\u00f3 pista con Sebasti\u00e1n Giuliani y baj\u00f3 su registro del Nacional de Rosario. En esta oportunidad hizo 57m 40s 41.<\/p>\n<p>En el d\u00eda de su 36\u00b0 cumplea\u00f1os, plenamente vigente y ya con dos d\u00e9cadas luciendo en el atletismo nacional e internacional, el recordman argentino de salto con garrocha\u00a0<strong>Germ\u00e1n Chiaraviglio<\/strong> produjo un gran regreso a las competencias: salt\u00f3 5.60 metros.<\/p>\n<p>Otra de las figuras del torneo fue\u00a0<strong>Sebasti\u00e1n Giuliani\u00a0<\/strong>quien, demostrando una gran evoluci\u00f3n en marcha, alcanz\u00f3 un registro de 42:44.32 sobre 10 mil metros, que lo eleva al segundo lugar del r\u00e1nking de todos los tiempos, s\u00f3lo precedido por el recordman Juan Manuel Cano.<\/p>\n<p>&nbsp;<\/p>\n","protected":false},"excerpt":{"rendered":"<p>El s\u00e1bado se desarroll\u00f3 en el CARD de Santa Fe el Campeonato Provincial de Mayores y Provincial U20 de atletismo,<\/p>\n","protected":false},"author":2,"featured_media":38815,"comment_status":"closed","ping_status":"closed","sticky":false,"template":"","format":"standard","meta":{"footnotes":""},"categories":[7,24],"tags":[],"class_list":["post-38812","post","type-post","status-publish","format-standard","has-post-thumbnail","hentry","category-atletismo","category-noticias-destacadas"],"cc_featured_image_caption":{"caption_text":"Las atletas Magal\u00ed Allassia y Josefina Millimaci junto a sus entrenadores, Ariel Magallanes y Roc\u00edo Donnet.","source_text":"","source_url":""},"_links":{"self":[{"href":"https:\/\/todoapulmon-rafaela.com\/index.php\/wp-json\/wp\/v2\/posts\/38812"}],"collection":[{"href":"https:\/\/todoapulmon-rafaela.com\/index.php\/wp-json\/wp\/v2\/posts"}],"about":[{"href":"https:\/\/todoapulmon-rafaela.com\/index.php\/wp-json\/wp\/v2\/types\/post"}],"author":[{"embeddable":true,"href":"https:\/\/todoapulmon-rafaela.com\/index.php\/wp-json\/wp\/v2\/users\/2"}],"replies":[{"embeddable":true,"href":"https:\/\/todoapulmon-rafaela.com\/index.php\/wp-json\/wp\/v2\/comments?post=38812"}],"version-history":[{"count":4,"href":"https:\/\/todoapulmon-rafaela.com\/index.php\/wp-json\/wp\/v2\/posts\/38812\/revisions"}],"predecessor-version":[{"id":38819,"href":"https:\/\/todoapulmon-rafaela.com\/index.php\/wp-json\/wp\/v2\/posts\/38812\/revisions\/38819"}],"wp:featuredmedia":[{"embeddable":true,"href":"https:\/\/todoapulmon-rafaela.com\/index.php\/wp-json\/wp\/v2\/media\/38815"}],"wp:attachment":[{"href":"https:\/\/todoapulmon-rafaela.com\/index.php\/wp-json\/wp\/v2\/media?parent=38812"}],"wp:term":[{"taxonomy":"category","embeddable":true,"href":"https:\/\/todoapulmon-rafaela.com\/index.php\/wp-json\/wp\/v2\/categories?post=38812"},{"taxonomy":"post_tag","embeddable":true,"href":"https:\/\/todoapulmon-rafaela.com\/index.php\/wp-json\/wp\/v2\/tags?post=38812"}],"curies":[{"name":"wp","href":"https:\/\/api.w.org\/{rel}","templated":true}]}}