{"id":3880,"date":"2016-12-01T02:27:20","date_gmt":"2016-12-01T02:27:20","guid":{"rendered":"http:\/\/todoapulmon-rafaela.com\/?p=3880"},"modified":"2016-12-01T02:27:20","modified_gmt":"2016-12-01T02:27:20","slug":"nadadoras-rafaelinas-en-la-calera","status":"publish","type":"post","link":"https:\/\/todoapulmon-rafaela.com\/index.php\/2016\/12\/01\/nadadoras-rafaelinas-en-la-calera\/","title":{"rendered":"Nadadoras rafaelinas en La Calera"},"content":{"rendered":"<p class=\"x_MsoNormal\" align=\"left\">El domingo 27 de noviembre se desarroll\u00f3 el Primer Desaf\u00edo Acu\u00e1tico de Aguas Abiertas en Laguna Azul, ubicada en la ciudad de La Calera (C\u00f3rdoba).<\/p>\n<p class=\"x_MsoNormal\" align=\"left\">Las competidoras Natalia Carinelli y Evelin Olivero\u00a0representaron a Ben Hur de nuestra ciudad formando parte de la competencia en la categor\u00eda femenina (nadadoras clases 1982 a 1986), en la distancia de 1500 metros.<\/p>\n<p class=\"x_MsoNormal\" align=\"left\">Los resultados obtenidos fueron los siguientes: Natalia<a href=\"https:\/\/www.facebook.com\/natalia.carinelli\" target=\"_blank\">\u00a0<\/a>fue segunda con un registro de 26:16 minutos y\u00a0Evelin tercera con 29:44 minutos.<\/p>\n","protected":false},"excerpt":{"rendered":"<p>El domingo 27 de noviembre se desarroll\u00f3 el Primer Desaf\u00edo Acu\u00e1tico de Aguas Abiertas en Laguna Azul, ubicada en la<\/p>\n","protected":false},"author":2,"featured_media":3882,"comment_status":"open","ping_status":"open","sticky":false,"template":"","format":"standard","meta":{"footnotes":""},"categories":[26],"tags":[],"class_list":["post-3880","post","type-post","status-publish","format-standard","has-post-thumbnail","hentry","category-natacion"],"cc_featured_image_caption":{"caption_text":"Evelin Olivero y Natalia Carinelli participaron en la prueba de aguas abiertas (foto prensa Ben Hur).","source_text":"","source_url":""},"_links":{"self":[{"href":"https:\/\/todoapulmon-rafaela.com\/index.php\/wp-json\/wp\/v2\/posts\/3880"}],"collection":[{"href":"https:\/\/todoapulmon-rafaela.com\/index.php\/wp-json\/wp\/v2\/posts"}],"about":[{"href":"https:\/\/todoapulmon-rafaela.com\/index.php\/wp-json\/wp\/v2\/types\/post"}],"author":[{"embeddable":true,"href":"https:\/\/todoapulmon-rafaela.com\/index.php\/wp-json\/wp\/v2\/users\/2"}],"replies":[{"embeddable":true,"href":"https:\/\/todoapulmon-rafaela.com\/index.php\/wp-json\/wp\/v2\/comments?post=3880"}],"version-history":[{"count":2,"href":"https:\/\/todoapulmon-rafaela.com\/index.php\/wp-json\/wp\/v2\/posts\/3880\/revisions"}],"predecessor-version":[{"id":3883,"href":"https:\/\/todoapulmon-rafaela.com\/index.php\/wp-json\/wp\/v2\/posts\/3880\/revisions\/3883"}],"wp:featuredmedia":[{"embeddable":true,"href":"https:\/\/todoapulmon-rafaela.com\/index.php\/wp-json\/wp\/v2\/media\/3882"}],"wp:attachment":[{"href":"https:\/\/todoapulmon-rafaela.com\/index.php\/wp-json\/wp\/v2\/media?parent=3880"}],"wp:term":[{"taxonomy":"category","embeddable":true,"href":"https:\/\/todoapulmon-rafaela.com\/index.php\/wp-json\/wp\/v2\/categories?post=3880"},{"taxonomy":"post_tag","embeddable":true,"href":"https:\/\/todoapulmon-rafaela.com\/index.php\/wp-json\/wp\/v2\/tags?post=3880"}],"curies":[{"name":"wp","href":"https:\/\/api.w.org\/{rel}","templated":true}]}}