{"id":38786,"date":"2023-04-17T12:24:06","date_gmt":"2023-04-17T12:24:06","guid":{"rendered":"https:\/\/todoapulmon-rafaela.com\/?p=38786"},"modified":"2023-04-17T12:27:21","modified_gmt":"2023-04-17T12:27:21","slug":"sergio-peretti-gano-su-categoria-en-concordia","status":"publish","type":"post","link":"https:\/\/todoapulmon-rafaela.com\/index.php\/2023\/04\/17\/sergio-peretti-gano-su-categoria-en-concordia\/","title":{"rendered":"Sergio Peretti gan\u00f3 su categor\u00eda en Concordia"},"content":{"rendered":"<p>Este domingo se desarroll\u00f3 el Half Triatl\u00f3n Santa Ana, en las inmediaciones de Concordia, donde tuvo una destacada labor Sergio Peretti. El rafaelino se impuso en su categor\u00eda de 60-64 a\u00f1os con un tiempo general de 4h 55m 01s tras recorrer los 1.900 metros de nado, 90 km. de ciclismo y 21 km. de pedestrismo.<\/p>\n<p>Los parciales fueron de 40m 58s en nataci\u00f3n; 2h 27m 19s en ciclismo y 1h 46m 44s en pedestrismo. En la clasificaci\u00f3n general se ubic\u00f3 108 entre 424 inscriptos en varones.<\/p>\n<p>Peretti tuvo de esta manera una nueva competencia preparatoria para el Mundial de Ironman 2023.<\/p>\n<p>&nbsp;<\/p>\n","protected":false},"excerpt":{"rendered":"<p>Este domingo se desarroll\u00f3 el Half Triatl\u00f3n Santa Ana, en las inmediaciones de Concordia, donde tuvo una destacada labor Sergio<\/p>\n","protected":false},"author":2,"featured_media":38787,"comment_status":"closed","ping_status":"closed","sticky":false,"template":"","format":"standard","meta":{"footnotes":""},"categories":[24,28],"tags":[],"class_list":["post-38786","post","type-post","status-publish","format-standard","has-post-thumbnail","hentry","category-noticias-destacadas","category-triatlon"],"cc_featured_image_caption":{"caption_text":"","source_text":"","source_url":""},"_links":{"self":[{"href":"https:\/\/todoapulmon-rafaela.com\/index.php\/wp-json\/wp\/v2\/posts\/38786"}],"collection":[{"href":"https:\/\/todoapulmon-rafaela.com\/index.php\/wp-json\/wp\/v2\/posts"}],"about":[{"href":"https:\/\/todoapulmon-rafaela.com\/index.php\/wp-json\/wp\/v2\/types\/post"}],"author":[{"embeddable":true,"href":"https:\/\/todoapulmon-rafaela.com\/index.php\/wp-json\/wp\/v2\/users\/2"}],"replies":[{"embeddable":true,"href":"https:\/\/todoapulmon-rafaela.com\/index.php\/wp-json\/wp\/v2\/comments?post=38786"}],"version-history":[{"count":2,"href":"https:\/\/todoapulmon-rafaela.com\/index.php\/wp-json\/wp\/v2\/posts\/38786\/revisions"}],"predecessor-version":[{"id":38789,"href":"https:\/\/todoapulmon-rafaela.com\/index.php\/wp-json\/wp\/v2\/posts\/38786\/revisions\/38789"}],"wp:featuredmedia":[{"embeddable":true,"href":"https:\/\/todoapulmon-rafaela.com\/index.php\/wp-json\/wp\/v2\/media\/38787"}],"wp:attachment":[{"href":"https:\/\/todoapulmon-rafaela.com\/index.php\/wp-json\/wp\/v2\/media?parent=38786"}],"wp:term":[{"taxonomy":"category","embeddable":true,"href":"https:\/\/todoapulmon-rafaela.com\/index.php\/wp-json\/wp\/v2\/categories?post=38786"},{"taxonomy":"post_tag","embeddable":true,"href":"https:\/\/todoapulmon-rafaela.com\/index.php\/wp-json\/wp\/v2\/tags?post=38786"}],"curies":[{"name":"wp","href":"https:\/\/api.w.org\/{rel}","templated":true}]}}