{"id":38641,"date":"2023-04-11T16:41:53","date_gmt":"2023-04-11T16:41:53","guid":{"rendered":"https:\/\/todoapulmon-rafaela.com\/?p=38641"},"modified":"2023-04-11T16:45:44","modified_gmt":"2023-04-11T16:45:44","slug":"handball-almagro-realiza-un-grand-prix-este-fin-de-semana","status":"publish","type":"post","link":"https:\/\/todoapulmon-rafaela.com\/index.php\/2023\/04\/11\/handball-almagro-realiza-un-grand-prix-este-fin-de-semana\/","title":{"rendered":"Handball Almagro realizar\u00e1 un Grand Prix este fin de semana"},"content":{"rendered":"<p>Este s\u00e1bado 15 y domingo 16 de abril tendr\u00e1n sus primeros desafios deportivos de la temporada los equipos de Handball Almagro de Rafaela, con la realizaci\u00f3n del Gran Prix en el que tambi\u00e9n participar\u00e1n SUA de Paran\u00e1 y Reconquista. El mismo se llevar\u00e1 a cabo en ambas jornadas, desde las 9 y hasta la 19 aproximadamente, en el CEF 53.<\/p>\n<p>Las categor\u00edas en que se competir\u00e1 son cadetes, juveniles y primera divisi\u00f3n, tanto en la rama femenina como en la masculina. Habr\u00e1 servicio de cantina.<\/p>\n<p>Los equipos de juveniles y mayores de Almagro tienen como entrenadora a Julieta Milanesio, los cadetes masculinos a Juan C\u00f3rdoba, las categor\u00edas femeninas de 2008 en adelante a Facundo Lell, y el Mini, Menores e Infantiles a Guillermo Ramirez, quien es coordinador de la actividad general. En el flyer aqu\u00ed debajo m\u00e1s informaci\u00f3n con horarios.<\/p>\n<p><img loading=\"lazy\" decoding=\"async\" class=\"alignnone size-full wp-image-38643\" src=\"https:\/\/todoapulmon-rafaela.com\/wp-content\/uploads\/2023\/04\/IMG-20230411-WA0006.jpg\" alt=\"\" width=\"899\" height=\"1599\" srcset=\"https:\/\/todoapulmon-rafaela.com\/wp-content\/uploads\/2023\/04\/IMG-20230411-WA0006.jpg 899w, https:\/\/todoapulmon-rafaela.com\/wp-content\/uploads\/2023\/04\/IMG-20230411-WA0006-169x300.jpg 169w, https:\/\/todoapulmon-rafaela.com\/wp-content\/uploads\/2023\/04\/IMG-20230411-WA0006-843x1500.jpg 843w, https:\/\/todoapulmon-rafaela.com\/wp-content\/uploads\/2023\/04\/IMG-20230411-WA0006-864x1536.jpg 864w\" sizes=\"(max-width: 899px) 100vw, 899px\" \/><\/p>\n<p>&nbsp;<\/p>\n","protected":false},"excerpt":{"rendered":"<p>Este s\u00e1bado 15 y domingo 16 de abril tendr\u00e1n sus primeros desafios deportivos de la temporada los equipos de Handball<\/p>\n","protected":false},"author":2,"featured_media":38645,"comment_status":"closed","ping_status":"closed","sticky":false,"template":"","format":"standard","meta":{"footnotes":""},"categories":[24],"tags":[],"class_list":["post-38641","post","type-post","status-publish","format-standard","has-post-thumbnail","hentry","category-noticias-destacadas"],"cc_featured_image_caption":{"caption_text":"","source_text":"","source_url":""},"_links":{"self":[{"href":"https:\/\/todoapulmon-rafaela.com\/index.php\/wp-json\/wp\/v2\/posts\/38641"}],"collection":[{"href":"https:\/\/todoapulmon-rafaela.com\/index.php\/wp-json\/wp\/v2\/posts"}],"about":[{"href":"https:\/\/todoapulmon-rafaela.com\/index.php\/wp-json\/wp\/v2\/types\/post"}],"author":[{"embeddable":true,"href":"https:\/\/todoapulmon-rafaela.com\/index.php\/wp-json\/wp\/v2\/users\/2"}],"replies":[{"embeddable":true,"href":"https:\/\/todoapulmon-rafaela.com\/index.php\/wp-json\/wp\/v2\/comments?post=38641"}],"version-history":[{"count":5,"href":"https:\/\/todoapulmon-rafaela.com\/index.php\/wp-json\/wp\/v2\/posts\/38641\/revisions"}],"predecessor-version":[{"id":38648,"href":"https:\/\/todoapulmon-rafaela.com\/index.php\/wp-json\/wp\/v2\/posts\/38641\/revisions\/38648"}],"wp:featuredmedia":[{"embeddable":true,"href":"https:\/\/todoapulmon-rafaela.com\/index.php\/wp-json\/wp\/v2\/media\/38645"}],"wp:attachment":[{"href":"https:\/\/todoapulmon-rafaela.com\/index.php\/wp-json\/wp\/v2\/media?parent=38641"}],"wp:term":[{"taxonomy":"category","embeddable":true,"href":"https:\/\/todoapulmon-rafaela.com\/index.php\/wp-json\/wp\/v2\/categories?post=38641"},{"taxonomy":"post_tag","embeddable":true,"href":"https:\/\/todoapulmon-rafaela.com\/index.php\/wp-json\/wp\/v2\/tags?post=38641"}],"curies":[{"name":"wp","href":"https:\/\/api.w.org\/{rel}","templated":true}]}}