{"id":38634,"date":"2023-04-11T11:59:07","date_gmt":"2023-04-11T11:59:07","guid":{"rendered":"https:\/\/todoapulmon-rafaela.com\/?p=38634"},"modified":"2023-04-11T12:02:34","modified_gmt":"2023-04-11T12:02:34","slug":"cuales-son-las-marcas-minimas-para-el-nacional-de-mayores","status":"publish","type":"post","link":"https:\/\/todoapulmon-rafaela.com\/index.php\/2023\/04\/11\/cuales-son-las-marcas-minimas-para-el-nacional-de-mayores\/","title":{"rendered":"Las marcas m\u00ednimas para el Nacional de Mayores"},"content":{"rendered":"<p>Los d\u00edas 12, 13 y 14 de mayo se realizar\u00e1 en la pista sint\u00e9tica del CEF N\u00ba3 Hugo La Nasa de Concepci\u00f3n del Uruguay, Entre R\u00edos, el 103 Campeonato Nacional de Mayores de Atletismo.<\/p>\n<p>Se trata del principal campeonato del pa\u00eds en esta disciplina, para lo cual la Confederaci\u00f3n Argentina public\u00f3 las marcas m\u00ednimas referidas a esta edici\u00f3n y otros detalles.<\/p>\n<p>Cabe recordar que la edad m\u00ednima de participaci\u00f3n es de 17 a\u00f1os. Los atletas Mayores no tienen l\u00edmites de pruebas, en caso de competir atletas U18 lo har\u00e1n con las limitaciones de su categor\u00eda.<\/p>\n<p><img loading=\"lazy\" decoding=\"async\" class=\"alignnone size-full wp-image-38635\" src=\"https:\/\/todoapulmon-rafaela.com\/wp-content\/uploads\/2023\/04\/Screenshot_20230411-084429_Samsung_Notes1.jpg\" alt=\"\" width=\"657\" height=\"555\" srcset=\"https:\/\/todoapulmon-rafaela.com\/wp-content\/uploads\/2023\/04\/Screenshot_20230411-084429_Samsung_Notes1.jpg 657w, https:\/\/todoapulmon-rafaela.com\/wp-content\/uploads\/2023\/04\/Screenshot_20230411-084429_Samsung_Notes1-300x253.jpg 300w\" sizes=\"(max-width: 657px) 100vw, 657px\" \/><\/p>\n","protected":false},"excerpt":{"rendered":"<p>Los d\u00edas 12, 13 y 14 de mayo se realizar\u00e1 en la pista sint\u00e9tica del CEF N\u00ba3 Hugo La Nasa<\/p>\n","protected":false},"author":2,"featured_media":38636,"comment_status":"closed","ping_status":"closed","sticky":false,"template":"","format":"standard","meta":{"footnotes":""},"categories":[7],"tags":[],"class_list":["post-38634","post","type-post","status-publish","format-standard","has-post-thumbnail","hentry","category-atletismo"],"cc_featured_image_caption":{"caption_text":"El 103 Campeonato Nacional ser\u00e1 en Concepci\u00f3n del Uruguay.","source_text":"","source_url":""},"_links":{"self":[{"href":"https:\/\/todoapulmon-rafaela.com\/index.php\/wp-json\/wp\/v2\/posts\/38634"}],"collection":[{"href":"https:\/\/todoapulmon-rafaela.com\/index.php\/wp-json\/wp\/v2\/posts"}],"about":[{"href":"https:\/\/todoapulmon-rafaela.com\/index.php\/wp-json\/wp\/v2\/types\/post"}],"author":[{"embeddable":true,"href":"https:\/\/todoapulmon-rafaela.com\/index.php\/wp-json\/wp\/v2\/users\/2"}],"replies":[{"embeddable":true,"href":"https:\/\/todoapulmon-rafaela.com\/index.php\/wp-json\/wp\/v2\/comments?post=38634"}],"version-history":[{"count":3,"href":"https:\/\/todoapulmon-rafaela.com\/index.php\/wp-json\/wp\/v2\/posts\/38634\/revisions"}],"predecessor-version":[{"id":38639,"href":"https:\/\/todoapulmon-rafaela.com\/index.php\/wp-json\/wp\/v2\/posts\/38634\/revisions\/38639"}],"wp:featuredmedia":[{"embeddable":true,"href":"https:\/\/todoapulmon-rafaela.com\/index.php\/wp-json\/wp\/v2\/media\/38636"}],"wp:attachment":[{"href":"https:\/\/todoapulmon-rafaela.com\/index.php\/wp-json\/wp\/v2\/media?parent=38634"}],"wp:term":[{"taxonomy":"category","embeddable":true,"href":"https:\/\/todoapulmon-rafaela.com\/index.php\/wp-json\/wp\/v2\/categories?post=38634"},{"taxonomy":"post_tag","embeddable":true,"href":"https:\/\/todoapulmon-rafaela.com\/index.php\/wp-json\/wp\/v2\/tags?post=38634"}],"curies":[{"name":"wp","href":"https:\/\/api.w.org\/{rel}","templated":true}]}}