{"id":38626,"date":"2023-04-10T17:04:21","date_gmt":"2023-04-10T17:04:21","guid":{"rendered":"https:\/\/todoapulmon-rafaela.com\/?p=38626"},"modified":"2023-04-10T17:06:52","modified_gmt":"2023-04-10T17:06:52","slug":"quedo-definido-el-seleccionado-sub-18-para-el-provincial","status":"publish","type":"post","link":"https:\/\/todoapulmon-rafaela.com\/index.php\/2023\/04\/10\/quedo-definido-el-seleccionado-sub-18-para-el-provincial\/","title":{"rendered":"Qued\u00f3 definido el seleccionado Sub 18 para el Provincial"},"content":{"rendered":"<p>Luego de realizarse una serie de entrenamientos preparatorios, qued\u00f3 definido el seleccionado Sub 18 femenino de la Asociaci\u00f3n Rafaelina que participar\u00e1 en el torneo Provincial, previsto para los d\u00edas 15 y 16 de abril en el Club Libertad de San Jer\u00f3nimo Norte.<\/p>\n<p>El equipo ser\u00e1 dirigido t\u00e9cnicamente por Marina Francesconi, mientras que como entrenadora asistente se desempe\u00f1ar\u00e1 Maira Acosta. Como Jefa de Delegaci\u00f3n estar\u00e1 Beatriz Giuliano.<\/p>\n<p>Las 14 jugadoras elegidas son:<\/p>\n<p>Malena Arballo y Clarisa Cacchiarelli (Brown de San Vicente).<\/p>\n<p>Milagros Demarchi, Ana Gaido, Luc\u00eda Gramaglia, Mercedes Ludue\u00f1a, Milagros Mesa y Camila P\u00e9rez (Almagro).<\/p>\n<p>Valentina Barberis, Luisina Tomatis y Mar\u00eda Jos\u00e9 Werger (Libertad de Sunchales).<\/p>\n<p>Ana Luz Morlacchi, Lucila Nievas y Guillermina Villa (Uni\u00f3n de Sunchales).<\/p>\n<p>En relaci\u00f3n al torneo disputado el a\u00f1o pasado en la misma ciudad, donde la ARV fue sexta, repetir\u00e1n participaci\u00f3n en el seleccionado las jugadoras Milagros Demarchi, Milagros Mesa, Camila P\u00e9rez y Lucila Nievas.<\/p>\n","protected":false},"excerpt":{"rendered":"<p>Luego de realizarse una serie de entrenamientos preparatorios, qued\u00f3 definido el seleccionado Sub 18 femenino de la Asociaci\u00f3n Rafaelina que<\/p>\n","protected":false},"author":2,"featured_media":38627,"comment_status":"closed","ping_status":"closed","sticky":false,"template":"","format":"standard","meta":{"footnotes":""},"categories":[24,16],"tags":[],"class_list":["post-38626","post","type-post","status-publish","format-standard","has-post-thumbnail","hentry","category-noticias-destacadas","category-voley"],"cc_featured_image_caption":{"caption_text":"El seleccionado de la temporada 2022 que fue sexto y en el cual estuvieron 4 jugadoras del actual equipo designado.","source_text":"","source_url":""},"_links":{"self":[{"href":"https:\/\/todoapulmon-rafaela.com\/index.php\/wp-json\/wp\/v2\/posts\/38626"}],"collection":[{"href":"https:\/\/todoapulmon-rafaela.com\/index.php\/wp-json\/wp\/v2\/posts"}],"about":[{"href":"https:\/\/todoapulmon-rafaela.com\/index.php\/wp-json\/wp\/v2\/types\/post"}],"author":[{"embeddable":true,"href":"https:\/\/todoapulmon-rafaela.com\/index.php\/wp-json\/wp\/v2\/users\/2"}],"replies":[{"embeddable":true,"href":"https:\/\/todoapulmon-rafaela.com\/index.php\/wp-json\/wp\/v2\/comments?post=38626"}],"version-history":[{"count":3,"href":"https:\/\/todoapulmon-rafaela.com\/index.php\/wp-json\/wp\/v2\/posts\/38626\/revisions"}],"predecessor-version":[{"id":38630,"href":"https:\/\/todoapulmon-rafaela.com\/index.php\/wp-json\/wp\/v2\/posts\/38626\/revisions\/38630"}],"wp:featuredmedia":[{"embeddable":true,"href":"https:\/\/todoapulmon-rafaela.com\/index.php\/wp-json\/wp\/v2\/media\/38627"}],"wp:attachment":[{"href":"https:\/\/todoapulmon-rafaela.com\/index.php\/wp-json\/wp\/v2\/media?parent=38626"}],"wp:term":[{"taxonomy":"category","embeddable":true,"href":"https:\/\/todoapulmon-rafaela.com\/index.php\/wp-json\/wp\/v2\/categories?post=38626"},{"taxonomy":"post_tag","embeddable":true,"href":"https:\/\/todoapulmon-rafaela.com\/index.php\/wp-json\/wp\/v2\/tags?post=38626"}],"curies":[{"name":"wp","href":"https:\/\/api.w.org\/{rel}","templated":true}]}}