{"id":38576,"date":"2023-04-06T13:53:32","date_gmt":"2023-04-06T13:53:32","guid":{"rendered":"https:\/\/todoapulmon-rafaela.com\/?p=38576"},"modified":"2023-04-06T13:54:49","modified_gmt":"2023-04-06T13:54:49","slug":"el-nuevo-velodromo-de-san-juan-albergara-varios-deportes","status":"publish","type":"post","link":"https:\/\/todoapulmon-rafaela.com\/index.php\/2023\/04\/06\/el-nuevo-velodromo-de-san-juan-albergara-varios-deportes\/","title":{"rendered":"El nuevo vel\u00f3dromo de San Juan albergar\u00e1 varios deportes"},"content":{"rendered":"<p>A falta de dos meses para la inauguraci\u00f3n del nuevo vel\u00f3dromo Vicente Chancay en Pocito, al lado del Estadio Del Bicentenario en San Juan, se conoci\u00f3 que no solo ser\u00e1n las bicicletas de pista quienes lo utilicen, ya que en su interior se podr\u00e1 desplegar cinco disciplinas m\u00e1s, lo que hace que en la mega obra encarada desde el gobierno de esa provincia se centren varios deportes.<\/p>\n<p>Este es un aspecto interesante a conocer dado que en Rafaela se construir\u00e1 tambi\u00e9n un vel\u00f3dromo techado para los Juegos Suramericanos 2026. Si bien ya se aclar\u00f3 que la idea pasa por tomar como referencia el modelo del vel\u00f3dromo de Asunci\u00f3n del Paraguay, utilizado el a\u00f1o pasado en los Odesur, es una referencia para conocer qu\u00e9 otras disciplinas podr\u00edan practicarse una vez culminada la obra.<\/p>\n<p>La inauguraci\u00f3n en San Juan est\u00e1 pactada para el pr\u00f3ximo 7 de junio y en el interior del anillo para los ciclistas se montar\u00e1 una cancha que estar\u00e1 adaptado para la pr\u00e1ctica del hockey, b\u00e1squet, voleibol, handbol y futsal. Lo que llevar\u00e1 a descongestionar varios escenarios que se encuentran sobrecargados y su vez trasladarlo al nuevo vel\u00f3dromo que, por ser cerrado, se podr\u00e1 utilizar durante todo el a\u00f1o.<\/p>\n<p>Recordemos que el primer torneo oficial en el vel\u00f3dromo de San Juan ser\u00e1 el Panamericano de Pista, en julio, para lo cual estuvo entrenando d\u00edas pasados la selecci\u00f3n argentina que tiene como uno de sus entrenadores a Daniel Capella, y como ciclistas integrantes a Yoel Vargas y Natalia Vera.<\/p>\n<p>Cabe acotar tambi\u00e9n que ese escenario ser\u00e1 sede del Mundial de Pista en 2025. El complejo tiene 27.000 metros cuadrados y una capacidad para<strong> 5.763 espectadores, siendo la pista de madera.<\/strong><\/p>\n","protected":false},"excerpt":{"rendered":"<p>A falta de dos meses para la inauguraci\u00f3n del nuevo vel\u00f3dromo Vicente Chancay en Pocito, al lado del Estadio Del<\/p>\n","protected":false},"author":2,"featured_media":38577,"comment_status":"closed","ping_status":"closed","sticky":false,"template":"","format":"standard","meta":{"footnotes":""},"categories":[4,24],"tags":[],"class_list":["post-38576","post","type-post","status-publish","format-standard","has-post-thumbnail","hentry","category-ciclismo","category-noticias-destacadas"],"cc_featured_image_caption":{"caption_text":"","source_text":"","source_url":""},"_links":{"self":[{"href":"https:\/\/todoapulmon-rafaela.com\/index.php\/wp-json\/wp\/v2\/posts\/38576"}],"collection":[{"href":"https:\/\/todoapulmon-rafaela.com\/index.php\/wp-json\/wp\/v2\/posts"}],"about":[{"href":"https:\/\/todoapulmon-rafaela.com\/index.php\/wp-json\/wp\/v2\/types\/post"}],"author":[{"embeddable":true,"href":"https:\/\/todoapulmon-rafaela.com\/index.php\/wp-json\/wp\/v2\/users\/2"}],"replies":[{"embeddable":true,"href":"https:\/\/todoapulmon-rafaela.com\/index.php\/wp-json\/wp\/v2\/comments?post=38576"}],"version-history":[{"count":3,"href":"https:\/\/todoapulmon-rafaela.com\/index.php\/wp-json\/wp\/v2\/posts\/38576\/revisions"}],"predecessor-version":[{"id":38580,"href":"https:\/\/todoapulmon-rafaela.com\/index.php\/wp-json\/wp\/v2\/posts\/38576\/revisions\/38580"}],"wp:featuredmedia":[{"embeddable":true,"href":"https:\/\/todoapulmon-rafaela.com\/index.php\/wp-json\/wp\/v2\/media\/38577"}],"wp:attachment":[{"href":"https:\/\/todoapulmon-rafaela.com\/index.php\/wp-json\/wp\/v2\/media?parent=38576"}],"wp:term":[{"taxonomy":"category","embeddable":true,"href":"https:\/\/todoapulmon-rafaela.com\/index.php\/wp-json\/wp\/v2\/categories?post=38576"},{"taxonomy":"post_tag","embeddable":true,"href":"https:\/\/todoapulmon-rafaela.com\/index.php\/wp-json\/wp\/v2\/tags?post=38576"}],"curies":[{"name":"wp","href":"https:\/\/api.w.org\/{rel}","templated":true}]}}