{"id":38501,"date":"2023-04-03T11:41:28","date_gmt":"2023-04-03T11:41:28","guid":{"rendered":"https:\/\/todoapulmon-rafaela.com\/?p=38501"},"modified":"2023-04-03T11:41:28","modified_gmt":"2023-04-03T11:41:28","slug":"buenas-actuaciones-de-rafaelinos-en-el-triatlon-short-de-rosario","status":"publish","type":"post","link":"https:\/\/todoapulmon-rafaela.com\/index.php\/2023\/04\/03\/buenas-actuaciones-de-rafaelinos-en-el-triatlon-short-de-rosario\/","title":{"rendered":"Buenas actuaciones de rafaelinos en el Triatl\u00f3n Short de Rosario"},"content":{"rendered":"<p>Este domingo 2 de abril se corri\u00f3 la decimoquinta edici\u00f3n del Triatl\u00f3n Ol\u00edmpico \u201cCiudad de Rosario 2023\u201d, en dos modalidades: distancia Ol\u00edmpica, por Postas y Short.<\/p>\n<p>El rafaelino Marcos Peretti fue ganador del Short en la categor\u00eda de 35 a 44 a\u00f1os con un tiempo de 59m 35s, pero adem\u00e1s qued\u00f3 cuarto en la clasificaci\u00f3n general con una muy buena performance. En su categor\u00eda se impuso por m\u00e1s de tres minutos sobre el segundo ubicado. De esta manera Marcos demuestra en estas primeras competencias realizadas buenas aptitudes para esta exigente disciplina como su padre Sergio.<\/p>\n<p>En tanto, tambi\u00e9n de nuestra ciudad cabe destacar el tercer puesto de Florencia Giro, del Runnea Team a cargo de Ariel Magallanes, en la categor\u00eda de damas 35-44 con tiempo de 1h 18m 01s, quedando tambi\u00e9n s\u00e9ptima en la general femenina.<\/p>\n<p><img loading=\"lazy\" decoding=\"async\" class=\"alignnone size-full wp-image-38517\" src=\"https:\/\/todoapulmon-rafaela.com\/wp-content\/uploads\/2023\/04\/Giro-short-rosario.jpg\" alt=\"\" width=\"720\" height=\"777\" srcset=\"https:\/\/todoapulmon-rafaela.com\/wp-content\/uploads\/2023\/04\/Giro-short-rosario.jpg 720w, https:\/\/todoapulmon-rafaela.com\/wp-content\/uploads\/2023\/04\/Giro-short-rosario-278x300.jpg 278w\" sizes=\"(max-width: 720px) 100vw, 720px\" \/><\/p>\n<p>El Ol\u00edmpico se larg\u00f3 desde el Club Mitre y consisti\u00f3 en 1.500 metros de nataci\u00f3n, 40 kil\u00f3metros de ciclismo y 10km de pedestrismo, mientras que el Short arranc\u00f3 en la Guarder\u00eda Centro y const\u00f3 de 200m de nataci\u00f3n, 20km de ciclismo y 5km de pedestrismo.<\/p>\n","protected":false},"excerpt":{"rendered":"<p>Este domingo 2 de abril se corri\u00f3 la decimoquinta edici\u00f3n del Triatl\u00f3n Ol\u00edmpico \u201cCiudad de Rosario 2023\u201d, en dos modalidades:<\/p>\n","protected":false},"author":2,"featured_media":38506,"comment_status":"closed","ping_status":"closed","sticky":false,"template":"","format":"standard","meta":{"footnotes":""},"categories":[24,28],"tags":[],"class_list":["post-38501","post","type-post","status-publish","format-standard","has-post-thumbnail","hentry","category-noticias-destacadas","category-triatlon"],"cc_featured_image_caption":{"caption_text":"El podio con el primer puesto de Marcos Peretti.","source_text":"","source_url":""},"_links":{"self":[{"href":"https:\/\/todoapulmon-rafaela.com\/index.php\/wp-json\/wp\/v2\/posts\/38501"}],"collection":[{"href":"https:\/\/todoapulmon-rafaela.com\/index.php\/wp-json\/wp\/v2\/posts"}],"about":[{"href":"https:\/\/todoapulmon-rafaela.com\/index.php\/wp-json\/wp\/v2\/types\/post"}],"author":[{"embeddable":true,"href":"https:\/\/todoapulmon-rafaela.com\/index.php\/wp-json\/wp\/v2\/users\/2"}],"replies":[{"embeddable":true,"href":"https:\/\/todoapulmon-rafaela.com\/index.php\/wp-json\/wp\/v2\/comments?post=38501"}],"version-history":[{"count":3,"href":"https:\/\/todoapulmon-rafaela.com\/index.php\/wp-json\/wp\/v2\/posts\/38501\/revisions"}],"predecessor-version":[{"id":38518,"href":"https:\/\/todoapulmon-rafaela.com\/index.php\/wp-json\/wp\/v2\/posts\/38501\/revisions\/38518"}],"wp:featuredmedia":[{"embeddable":true,"href":"https:\/\/todoapulmon-rafaela.com\/index.php\/wp-json\/wp\/v2\/media\/38506"}],"wp:attachment":[{"href":"https:\/\/todoapulmon-rafaela.com\/index.php\/wp-json\/wp\/v2\/media?parent=38501"}],"wp:term":[{"taxonomy":"category","embeddable":true,"href":"https:\/\/todoapulmon-rafaela.com\/index.php\/wp-json\/wp\/v2\/categories?post=38501"},{"taxonomy":"post_tag","embeddable":true,"href":"https:\/\/todoapulmon-rafaela.com\/index.php\/wp-json\/wp\/v2\/tags?post=38501"}],"curies":[{"name":"wp","href":"https:\/\/api.w.org\/{rel}","templated":true}]}}