{"id":38456,"date":"2023-04-01T22:13:16","date_gmt":"2023-04-01T22:13:16","guid":{"rendered":"https:\/\/todoapulmon-rafaela.com\/?p=38456"},"modified":"2023-04-01T22:13:16","modified_gmt":"2023-04-01T22:13:16","slug":"tomas-mondino-gano-los-100-con-record-del-campeonato-nacional-u20","status":"publish","type":"post","link":"https:\/\/todoapulmon-rafaela.com\/index.php\/2023\/04\/01\/tomas-mondino-gano-los-100-con-record-del-campeonato-nacional-u20\/","title":{"rendered":"Tom\u00e1s Mondino gan\u00f3 los 100 con r\u00e9cord del campeonato nacional U20"},"content":{"rendered":"<p>Tom\u00e1s Mondino se consagr\u00f3 este s\u00e1bado campe\u00f3n de los 100 metros llanos en el Nacional U20, que se desarrolla en la pista Jorge Newbery de Rosario, al imponerse con una marca de 10s53.<br \/>\nDe este modo el velocista rafaelino sum\u00f3 su primer t\u00edtulo del a\u00f1o, gan\u00e1ndole por 3 cent\u00e9simas a quien fue segundo, Lucas Villegas, de San Luis. El tambi\u00e9n puntano Tom\u00e1s Villegas (hermano del anterior) fue tercero con 10s69.<\/p>\n<p><img loading=\"lazy\" decoding=\"async\" class=\"alignnone size-full wp-image-38462\" src=\"https:\/\/todoapulmon-rafaela.com\/wp-content\/uploads\/2023\/04\/IMG_20230401_154525507_HDR-scaled.jpg\" alt=\"\" width=\"1124\" height=\"2560\" srcset=\"https:\/\/todoapulmon-rafaela.com\/wp-content\/uploads\/2023\/04\/IMG_20230401_154525507_HDR-scaled.jpg 1124w, https:\/\/todoapulmon-rafaela.com\/wp-content\/uploads\/2023\/04\/IMG_20230401_154525507_HDR-132x300.jpg 132w, https:\/\/todoapulmon-rafaela.com\/wp-content\/uploads\/2023\/04\/IMG_20230401_154525507_HDR-659x1500.jpg 659w, https:\/\/todoapulmon-rafaela.com\/wp-content\/uploads\/2023\/04\/IMG_20230401_154525507_HDR-674x1536.jpg 674w, https:\/\/todoapulmon-rafaela.com\/wp-content\/uploads\/2023\/04\/IMG_20230401_154525507_HDR-899x2048.jpg 899w\" sizes=\"(max-width: 1124px) 100vw, 1124px\" \/><br \/>\nMondino <b>estableci\u00f3 el nuevo r\u00e9cord de los Campeonatos<\/b>, mejorando los 10.64 que Bautista Diamante hab\u00eda logrado hace dos temporadas.<br \/>\nEn su serie Tomy hab\u00eda ganado con 10s74. Adem\u00e1s, en el cierre de la jornada integr\u00f3 la posta 4&#215;100 de Santa Fe que logr\u00f3 el segundo puesto.<!--\/data\/user\/0\/com.samsung.android.app.notes\/files\/clipdata\/clipdata_bodytext_230401_174235_270.sdocx--><\/p>\n","protected":false},"excerpt":{"rendered":"<p>Tom\u00e1s Mondino se consagr\u00f3 este s\u00e1bado campe\u00f3n de los 100 metros llanos en el Nacional U20, que se desarrolla en<\/p>\n","protected":false},"author":2,"featured_media":38461,"comment_status":"closed","ping_status":"closed","sticky":false,"template":"","format":"standard","meta":{"footnotes":""},"categories":[7,24],"tags":[],"class_list":["post-38456","post","type-post","status-publish","format-standard","has-post-thumbnail","hentry","category-atletismo","category-noticias-destacadas"],"cc_featured_image_caption":{"caption_text":"La definici\u00f3n de la carrera (foto Team Mondino).","source_text":"","source_url":""},"_links":{"self":[{"href":"https:\/\/todoapulmon-rafaela.com\/index.php\/wp-json\/wp\/v2\/posts\/38456"}],"collection":[{"href":"https:\/\/todoapulmon-rafaela.com\/index.php\/wp-json\/wp\/v2\/posts"}],"about":[{"href":"https:\/\/todoapulmon-rafaela.com\/index.php\/wp-json\/wp\/v2\/types\/post"}],"author":[{"embeddable":true,"href":"https:\/\/todoapulmon-rafaela.com\/index.php\/wp-json\/wp\/v2\/users\/2"}],"replies":[{"embeddable":true,"href":"https:\/\/todoapulmon-rafaela.com\/index.php\/wp-json\/wp\/v2\/comments?post=38456"}],"version-history":[{"count":3,"href":"https:\/\/todoapulmon-rafaela.com\/index.php\/wp-json\/wp\/v2\/posts\/38456\/revisions"}],"predecessor-version":[{"id":38463,"href":"https:\/\/todoapulmon-rafaela.com\/index.php\/wp-json\/wp\/v2\/posts\/38456\/revisions\/38463"}],"wp:featuredmedia":[{"embeddable":true,"href":"https:\/\/todoapulmon-rafaela.com\/index.php\/wp-json\/wp\/v2\/media\/38461"}],"wp:attachment":[{"href":"https:\/\/todoapulmon-rafaela.com\/index.php\/wp-json\/wp\/v2\/media?parent=38456"}],"wp:term":[{"taxonomy":"category","embeddable":true,"href":"https:\/\/todoapulmon-rafaela.com\/index.php\/wp-json\/wp\/v2\/categories?post=38456"},{"taxonomy":"post_tag","embeddable":true,"href":"https:\/\/todoapulmon-rafaela.com\/index.php\/wp-json\/wp\/v2\/tags?post=38456"}],"curies":[{"name":"wp","href":"https:\/\/api.w.org\/{rel}","templated":true}]}}