{"id":38370,"date":"2023-03-29T17:07:12","date_gmt":"2023-03-29T17:07:12","guid":{"rendered":"https:\/\/todoapulmon-rafaela.com\/?p=38370"},"modified":"2023-03-29T17:07:12","modified_gmt":"2023-03-29T17:07:12","slug":"tiro-deportivo-y-skate-se-suman-a-las-disciplinas-del-ciclismo-para-rafaela-en-los-suramericanos-2026","status":"publish","type":"post","link":"https:\/\/todoapulmon-rafaela.com\/index.php\/2023\/03\/29\/tiro-deportivo-y-skate-se-suman-a-las-disciplinas-del-ciclismo-para-rafaela-en-los-suramericanos-2026\/","title":{"rendered":"Tiro deportivo y skate se suman a las disciplinas del ciclismo para Rafaela en los Suramericanos 2026"},"content":{"rendered":"<p dir=\"ltr\">Este mi\u00e9rcoles, en el Sal\u00f3n Verde de la Municipalidad, el intendente Luis Castellano, acompa\u00f1ado por la secretaria de Desarrollo Humano, Myriam Villafa\u00f1e, y el subsecretario de Deportes y Recreaci\u00f3n, Ignacio Podio, comparti\u00f3 un encuentro con periodistas de medios de comunicaci\u00f3n de nuestra ciudad para dialogar sobre la nominaci\u00f3n de Rafaela como una de las tres sedes de los XIII Juegos Suramericanos en el a\u00f1o 2026.<\/p>\n<p dir=\"ltr\">Hace pocos d\u00edas, el gobernador Omar Perotti, junto a los intendentes Castellano, Javkin y Jat\u00f3n, viajaron hacia la ciudad de Buenos Aires para participar de la XXXV Asamblea General Ordinaria de la Odesur, en donde se defini\u00f3 que la provincia de Santa Fe ser\u00e1 sede de los Juegos, donde estuvo presente un enviado de todoapulmon-rafaela.com.<\/p>\n<p dir=\"ltr\">En ese marco, Luis Castellano destac\u00f3 a la nominaci\u00f3n como un hecho hist\u00f3rico, la cual posibilitar\u00e1 potenciar a Rafaela como ciudad de eventos. Asimismo, el Intendente consider\u00f3 que la realizaci\u00f3n de los juegos nos llevar\u00e1 a redoblar esfuerzos como comunidad.<\/p>\n<p dir=\"ltr\">El mandatario local coment\u00f3 que se est\u00e1n dando los primeros pasos y que los equipos de trabajo de distintas \u00e1reas del Municipio deber\u00e1n llevar adelante los procesos de proyecci\u00f3n y dise\u00f1o de lo necesario para las disciplinas propuestas.<\/p>\n<p dir=\"ltr\">Al respecto, Castellano explic\u00f3 que en la tarea organizativa estar\u00e1n involucradas las federaciones, instituciones deportivas, voluntarios y el sector privado (hotelera y gastronom\u00eda en especial) para la recepci\u00f3n de delegaciones, jueces, autoridades y p\u00fablico\u00a0visitante.<\/p>\n<p dir=\"ltr\">El titular del Ejecutivo municipal hizo hincapi\u00e9 en que se evaluar\u00e1n los costos y fuentes de financiamiento de distintos niveles para que nuestra ciudad responda ante el desaf\u00edo. Al mismo tiempo, remarc\u00f3 que el evento dejar\u00e1 un beneficio econ\u00f3mico muy importante para Rafaela, as\u00ed como una infraestructura que quedar\u00e1 a disposici\u00f3n en el futuro.<\/p>\n<p dir=\"ltr\">\u201cEl desaf\u00edo es seguir construyendo la ciudad tur\u00edstica de eventos\u201d, dijo Luis Castellano.<\/p>\n<p dir=\"ltr\">Compromiso y gesti\u00f3n<\/p>\n<p dir=\"ltr\">Por su parte, Myriam Villafa\u00f1e remarc\u00f3 el compromiso asumido como Estado para gestionar todo lo necesario para el desarrollo de los Juegos en Rafaela.<\/p>\n<p dir=\"ltr\">Tambi\u00e9n coment\u00f3 que se conformar\u00e1 un comit\u00e9 entre Rafaela, Santa Fe y Rosario para la proyecci\u00f3n, ejecuci\u00f3n y seguimiento de todo lo que tenga relaci\u00f3n con la realizaci\u00f3n del evento (hoteler\u00eda, gastronom\u00eda, seguridad, transporte) que se llevar\u00e1 a cabo desde el 12 hasta el 26 de septiembre de 2026.<\/p>\n<p dir=\"ltr\">Finalmente, Ignacio Podio hizo hincapi\u00e9 en las gestiones efectuadas por el gobernador Omar Perotti y el intendente Luis Castellano para que los Juegos Suramericanos puedan llevarse a cabo en nuestra provincia, y en particular, en Rafaela.<\/p>\n<p dir=\"ltr\">El funcionario indic\u00f3 que las disciplinas previstas para nuestra ciudad son ciclismo de pista, de ruta, mountain bike, bmx, tiro deportivo y skate.<\/p>\n<p dir=\"ltr\">Con respecto a sumar otras disciplinas, Podio mencion\u00f3 que depender\u00e1 de la capacidad\u00a0hotelera.<\/p>\n<p dir=\"ltr\">Del encuentro participaron tambi\u00e9n integrantes del equipo de Deportes de la Municipalidad de Rafaela.<\/p>\n","protected":false},"excerpt":{"rendered":"<p>Este mi\u00e9rcoles, en el Sal\u00f3n Verde de la Municipalidad, el intendente Luis Castellano, acompa\u00f1ado por la secretaria de Desarrollo Humano,<\/p>\n","protected":false},"author":2,"featured_media":38371,"comment_status":"closed","ping_status":"closed","sticky":false,"template":"","format":"standard","meta":{"footnotes":""},"categories":[24],"tags":[],"class_list":["post-38370","post","type-post","status-publish","format-standard","has-post-thumbnail","hentry","category-noticias-destacadas"],"cc_featured_image_caption":{"caption_text":"FOTO PRENSA MUNICIPALIDAD","source_text":"","source_url":""},"_links":{"self":[{"href":"https:\/\/todoapulmon-rafaela.com\/index.php\/wp-json\/wp\/v2\/posts\/38370"}],"collection":[{"href":"https:\/\/todoapulmon-rafaela.com\/index.php\/wp-json\/wp\/v2\/posts"}],"about":[{"href":"https:\/\/todoapulmon-rafaela.com\/index.php\/wp-json\/wp\/v2\/types\/post"}],"author":[{"embeddable":true,"href":"https:\/\/todoapulmon-rafaela.com\/index.php\/wp-json\/wp\/v2\/users\/2"}],"replies":[{"embeddable":true,"href":"https:\/\/todoapulmon-rafaela.com\/index.php\/wp-json\/wp\/v2\/comments?post=38370"}],"version-history":[{"count":1,"href":"https:\/\/todoapulmon-rafaela.com\/index.php\/wp-json\/wp\/v2\/posts\/38370\/revisions"}],"predecessor-version":[{"id":38372,"href":"https:\/\/todoapulmon-rafaela.com\/index.php\/wp-json\/wp\/v2\/posts\/38370\/revisions\/38372"}],"wp:featuredmedia":[{"embeddable":true,"href":"https:\/\/todoapulmon-rafaela.com\/index.php\/wp-json\/wp\/v2\/media\/38371"}],"wp:attachment":[{"href":"https:\/\/todoapulmon-rafaela.com\/index.php\/wp-json\/wp\/v2\/media?parent=38370"}],"wp:term":[{"taxonomy":"category","embeddable":true,"href":"https:\/\/todoapulmon-rafaela.com\/index.php\/wp-json\/wp\/v2\/categories?post=38370"},{"taxonomy":"post_tag","embeddable":true,"href":"https:\/\/todoapulmon-rafaela.com\/index.php\/wp-json\/wp\/v2\/tags?post=38370"}],"curies":[{"name":"wp","href":"https:\/\/api.w.org\/{rel}","templated":true}]}}