{"id":3837,"date":"2016-11-28T22:40:56","date_gmt":"2016-11-28T22:40:56","guid":{"rendered":"http:\/\/todoapulmon-rafaela.com\/?p=3837"},"modified":"2016-11-28T22:40:56","modified_gmt":"2016-11-28T22:40:56","slug":"gran-actuacion-de-peretti-y-bainotti-en-punta-del-este","status":"publish","type":"post","link":"https:\/\/todoapulmon-rafaela.com\/index.php\/2016\/11\/28\/gran-actuacion-de-peretti-y-bainotti-en-punta-del-este\/","title":{"rendered":"Gran actuaci\u00f3n de Peretti y Bainotti en Punta del Este"},"content":{"rendered":"<p>El domingo se desarroll\u00f3 la segunda edici\u00f3n del Ironman 70.3 de Punta del Este, con la presencia de dos representantes de nuestra ciudad que tuvieron una gran labor.<\/p>\n<p>Sergio Peretti obtuvo el segundo puesto en la categoria de 55 a 59 a\u00f1o<span class=\"text_exposed_show\">s con un tiempo de 5h06m y revalid\u00f3 un cupo para el Mundial de Estados Unidos.<br \/>\nEn tanto, Pablo Bainotti fue 23 en la categoria de 25 a 29 a\u00f1os con una marca de 5h09m, recordando que lleva muy poco tiempo practicando triatl\u00f3n. Los deportistas estuvieron en la segunda cita de la prueba uruguaya junto al entrenador del Tria Training Group, Joaquin Avila.<\/span><\/p>\n<p>La prueba se realiz\u00f3 con las distancias tradicionales: 1,9 km. de nataci\u00f3n, 90 km de ciclismo y 21 km. de atletismo. Fueron ganadores en la clasificaci\u00f3n general el brasile\u00f1o Santiago Ascenco y la canadiense Kirsty Jahn.<\/p>\n<p><img loading=\"lazy\" decoding=\"async\" class=\"alignnone size-medium wp-image-3839\" src=\"http:\/\/todoapulmon-rafaela.com\/wp-content\/uploads\/2016\/11\/IMG-20161127-WA00061-169x300.jpg\" alt=\"img-20161127-wa00061\" width=\"169\" height=\"300\" srcset=\"https:\/\/todoapulmon-rafaela.com\/wp-content\/uploads\/2016\/11\/IMG-20161127-WA00061-169x300.jpg 169w, https:\/\/todoapulmon-rafaela.com\/wp-content\/uploads\/2016\/11\/IMG-20161127-WA00061-576x1024.jpg 576w, https:\/\/todoapulmon-rafaela.com\/wp-content\/uploads\/2016\/11\/IMG-20161127-WA00061.jpg 720w\" sizes=\"(max-width: 169px) 100vw, 169px\" \/><img loading=\"lazy\" decoding=\"async\" class=\"alignnone size-medium wp-image-3840\" src=\"http:\/\/todoapulmon-rafaela.com\/wp-content\/uploads\/2016\/11\/IMG-20161127-WA00081-169x300.jpg\" alt=\"img-20161127-wa00081\" width=\"169\" height=\"300\" srcset=\"https:\/\/todoapulmon-rafaela.com\/wp-content\/uploads\/2016\/11\/IMG-20161127-WA00081-169x300.jpg 169w, https:\/\/todoapulmon-rafaela.com\/wp-content\/uploads\/2016\/11\/IMG-20161127-WA00081-576x1024.jpg 576w, https:\/\/todoapulmon-rafaela.com\/wp-content\/uploads\/2016\/11\/IMG-20161127-WA00081.jpg 720w\" sizes=\"(max-width: 169px) 100vw, 169px\" \/><\/p>\n","protected":false},"excerpt":{"rendered":"<p>El domingo se desarroll\u00f3 la segunda edici\u00f3n del Ironman 70.3 de Punta del Este, con la presencia de dos representantes<\/p>\n","protected":false},"author":2,"featured_media":3838,"comment_status":"open","ping_status":"open","sticky":false,"template":"","format":"standard","meta":{"footnotes":""},"categories":[24,1],"tags":[],"class_list":["post-3837","post","type-post","status-publish","format-standard","has-post-thumbnail","hentry","category-noticias-destacadas","category-sin-categoria"],"cc_featured_image_caption":{"caption_text":"Sergio Peretti, Joqu\u00edn Avila y Pablo Bainotti.","source_text":"","source_url":""},"_links":{"self":[{"href":"https:\/\/todoapulmon-rafaela.com\/index.php\/wp-json\/wp\/v2\/posts\/3837"}],"collection":[{"href":"https:\/\/todoapulmon-rafaela.com\/index.php\/wp-json\/wp\/v2\/posts"}],"about":[{"href":"https:\/\/todoapulmon-rafaela.com\/index.php\/wp-json\/wp\/v2\/types\/post"}],"author":[{"embeddable":true,"href":"https:\/\/todoapulmon-rafaela.com\/index.php\/wp-json\/wp\/v2\/users\/2"}],"replies":[{"embeddable":true,"href":"https:\/\/todoapulmon-rafaela.com\/index.php\/wp-json\/wp\/v2\/comments?post=3837"}],"version-history":[{"count":1,"href":"https:\/\/todoapulmon-rafaela.com\/index.php\/wp-json\/wp\/v2\/posts\/3837\/revisions"}],"predecessor-version":[{"id":3841,"href":"https:\/\/todoapulmon-rafaela.com\/index.php\/wp-json\/wp\/v2\/posts\/3837\/revisions\/3841"}],"wp:featuredmedia":[{"embeddable":true,"href":"https:\/\/todoapulmon-rafaela.com\/index.php\/wp-json\/wp\/v2\/media\/3838"}],"wp:attachment":[{"href":"https:\/\/todoapulmon-rafaela.com\/index.php\/wp-json\/wp\/v2\/media?parent=3837"}],"wp:term":[{"taxonomy":"category","embeddable":true,"href":"https:\/\/todoapulmon-rafaela.com\/index.php\/wp-json\/wp\/v2\/categories?post=3837"},{"taxonomy":"post_tag","embeddable":true,"href":"https:\/\/todoapulmon-rafaela.com\/index.php\/wp-json\/wp\/v2\/tags?post=3837"}],"curies":[{"name":"wp","href":"https:\/\/api.w.org\/{rel}","templated":true}]}}