{"id":38351,"date":"2023-03-28T18:04:43","date_gmt":"2023-03-28T18:04:43","guid":{"rendered":"https:\/\/todoapulmon-rafaela.com\/?p=38351"},"modified":"2023-03-28T18:04:43","modified_gmt":"2023-03-28T18:04:43","slug":"colidio-vuelve-a-la-titularidad-frente-a-penarol","status":"publish","type":"post","link":"https:\/\/todoapulmon-rafaela.com\/index.php\/2023\/03\/28\/colidio-vuelve-a-la-titularidad-frente-a-penarol\/","title":{"rendered":"Colidio vuelve a la titularidad frente a Pe\u00f1arol"},"content":{"rendered":"<p>Pampas confirm\u00f3 su formaci\u00f3n para lo que ser\u00e1 el duelo de este mi\u00e9rcoles ante Pe\u00f1arol, por la s\u00e9ptima fecha del S\u00faper Rugby Am\u00e9ricas. El encuentro ser\u00e1 a partir de las 20 horas, en el CASI con televisaci\u00f3n por Star +.<br \/>\nLa franquicia argentina realiz\u00f3 su Captain&#8217;s Run en San Isidro y, en el mismo, llevaron a cabo un precalentamiento con y sin pelota, y luego jugadas con pelota, line y scrum con el XV titular.<br \/>\nEn relaci\u00f3n al equipo que derrot\u00f3 en la \u00faltima jornada a Yacare XV en condici\u00f3n de visitante, Ignacio Fern\u00e1ndez Lobbe realizar\u00e1 dos modificaciones: el rafaelino Lorenzo Colidio ingresar\u00e1 en lugar de Rodrigo Fern\u00e1ndez Criado, mientras que Lucio Auad har\u00e1 lo propio como wing por Tom\u00e1s Passaro.<br \/>\nLa formaci\u00f3n de Pampas para recibir a Pe\u00f1arol:<br \/>\n1. MART\u00cdNEZ, Rodrigo<br \/>\n2. GUROVICH, Ramiro<br \/>\n3. CORONEL, Javier<br \/>\n4. COLIDIO, Lorenzo<br \/>\n5. LAVANINI, Federico<br \/>\n6. D\u2019AMORIM, Nicol\u00e1s<br \/>\n7. URETA, Jer\u00f3nimo<br \/>\n8. RUIZ, Santiago (C)<br \/>\n9. ALBANESE, Mateo<br \/>\n10. DE LA VEGA MEND\u00cdA, Joaqu\u00edn<br \/>\n11. AUAD, Lucio<br \/>\n12. ALFARO, Manuel<br \/>\n13. ELIZALDE, Benjam\u00edn<br \/>\n14. DELGUY, I\u00f1aki<br \/>\n15. LAND\u00d3, Juan Ignacio<br \/>\nSUPLENTES<br \/>\n16. MINOYETTI, Valentino<br \/>\n17. MEDRANO, Mat\u00edas<br \/>\n18. ZANELLA, Renzo<br \/>\n19. FOURCADE, Eliseo<br \/>\n20. BERNSTEIN, Manuel<br \/>\n21. IRIARTE, Rafael<br \/>\n22. CHIAVASSA, Eliseo<br \/>\n23. LAMAS, Joaqu\u00edn.<\/p>\n<p>Por esta misma fecha, el s\u00e1bado a las 20 jugar\u00e1n Yacar\u00e9 vs. Selknam y el domingo a las 21 American Raptors vs. Cobras, quedando libre Dogos.<\/p>\n<p>&nbsp;<\/p>\n","protected":false},"excerpt":{"rendered":"<p>Pampas confirm\u00f3 su formaci\u00f3n para lo que ser\u00e1 el duelo de este mi\u00e9rcoles ante Pe\u00f1arol, por la s\u00e9ptima fecha del<\/p>\n","protected":false},"author":2,"featured_media":38352,"comment_status":"closed","ping_status":"closed","sticky":false,"template":"","format":"standard","meta":{"footnotes":""},"categories":[24,2],"tags":[],"class_list":["post-38351","post","type-post","status-publish","format-standard","has-post-thumbnail","hentry","category-noticias-destacadas","category-rugby"],"cc_featured_image_caption":{"caption_text":"FOTO PAMPAS OFICIAL","source_text":"","source_url":""},"_links":{"self":[{"href":"https:\/\/todoapulmon-rafaela.com\/index.php\/wp-json\/wp\/v2\/posts\/38351"}],"collection":[{"href":"https:\/\/todoapulmon-rafaela.com\/index.php\/wp-json\/wp\/v2\/posts"}],"about":[{"href":"https:\/\/todoapulmon-rafaela.com\/index.php\/wp-json\/wp\/v2\/types\/post"}],"author":[{"embeddable":true,"href":"https:\/\/todoapulmon-rafaela.com\/index.php\/wp-json\/wp\/v2\/users\/2"}],"replies":[{"embeddable":true,"href":"https:\/\/todoapulmon-rafaela.com\/index.php\/wp-json\/wp\/v2\/comments?post=38351"}],"version-history":[{"count":1,"href":"https:\/\/todoapulmon-rafaela.com\/index.php\/wp-json\/wp\/v2\/posts\/38351\/revisions"}],"predecessor-version":[{"id":38353,"href":"https:\/\/todoapulmon-rafaela.com\/index.php\/wp-json\/wp\/v2\/posts\/38351\/revisions\/38353"}],"wp:featuredmedia":[{"embeddable":true,"href":"https:\/\/todoapulmon-rafaela.com\/index.php\/wp-json\/wp\/v2\/media\/38352"}],"wp:attachment":[{"href":"https:\/\/todoapulmon-rafaela.com\/index.php\/wp-json\/wp\/v2\/media?parent=38351"}],"wp:term":[{"taxonomy":"category","embeddable":true,"href":"https:\/\/todoapulmon-rafaela.com\/index.php\/wp-json\/wp\/v2\/categories?post=38351"},{"taxonomy":"post_tag","embeddable":true,"href":"https:\/\/todoapulmon-rafaela.com\/index.php\/wp-json\/wp\/v2\/tags?post=38351"}],"curies":[{"name":"wp","href":"https:\/\/api.w.org\/{rel}","templated":true}]}}