{"id":38266,"date":"2023-03-26T18:00:17","date_gmt":"2023-03-26T18:00:17","guid":{"rendered":"https:\/\/todoapulmon-rafaela.com\/?p=38266"},"modified":"2023-03-26T18:01:21","modified_gmt":"2023-03-26T18:01:21","slug":"almagro-con-cuatro-equipos-en-el-primer-grand-prix-sub-14","status":"publish","type":"post","link":"https:\/\/todoapulmon-rafaela.com\/index.php\/2023\/03\/26\/almagro-con-cuatro-equipos-en-el-primer-grand-prix-sub-14\/","title":{"rendered":"Almagro con cuatro equipos en el primer Grand Prix Sub 14"},"content":{"rendered":"<div>Este s\u00e1bado 25 se llev\u00f3 a cabo el primer GP de Sub 14 de la Asociaci\u00f3n Rafaelina de Voley, con local\u00eda en Almagro de Rafaela.<\/div>\n<div>Hubo 16 equipos participantes de los cuales el local particip\u00f3 con cuatro, en el inicio al a\u00f1o deportivo de la ARV.<\/div>\n<div>Uni\u00f3n A se qued\u00f3 con el Grand prix, luego de vencer 2 a 1 en la final a Uni\u00f3n C.<\/div>\n<div>Los equipos de Almagro tuvieron buena performance con estos resultados:<\/div>\n<div><\/div>\n<div>ZONA A<\/div>\n<div>Almagro \u00abA\u00bb\u00a0 4to puesto<\/div>\n<div>Almagro \u00abB\u00bb\u00a0 8vo puesto<\/div>\n<div><img loading=\"lazy\" decoding=\"async\" class=\"alignnone size-full wp-image-38268\" src=\"https:\/\/todoapulmon-rafaela.com\/wp-content\/uploads\/2023\/03\/WhatsApp-Image-2023-03-25-at-10.19.28.jpeg\" alt=\"\" width=\"1579\" height=\"1067\" srcset=\"https:\/\/todoapulmon-rafaela.com\/wp-content\/uploads\/2023\/03\/WhatsApp-Image-2023-03-25-at-10.19.28.jpeg 1579w, https:\/\/todoapulmon-rafaela.com\/wp-content\/uploads\/2023\/03\/WhatsApp-Image-2023-03-25-at-10.19.28-300x203.jpeg 300w, https:\/\/todoapulmon-rafaela.com\/wp-content\/uploads\/2023\/03\/WhatsApp-Image-2023-03-25-at-10.19.28-1536x1038.jpeg 1536w\" sizes=\"(max-width: 1579px) 100vw, 1579px\" \/><\/div>\n<div><\/div>\n<div>ZONA B<\/div>\n<div>Almagro \u00abC\u00bb\u00a0 4to puesto<\/div>\n<div>Almagro \u00abD\u00bb\u00a0 7mo puesto<\/div>\n<div><\/div>\n","protected":false},"excerpt":{"rendered":"<p>Este s\u00e1bado 25 se llev\u00f3 a cabo el primer GP de Sub 14 de la Asociaci\u00f3n Rafaelina de Voley, con<\/p>\n","protected":false},"author":2,"featured_media":38270,"comment_status":"closed","ping_status":"closed","sticky":false,"template":"","format":"standard","meta":{"footnotes":""},"categories":[16],"tags":[],"class_list":["post-38266","post","type-post","status-publish","format-standard","has-post-thumbnail","hentry","category-voley"],"cc_featured_image_caption":{"caption_text":"FOTOS PRENSA ALMAGRO","source_text":"","source_url":""},"_links":{"self":[{"href":"https:\/\/todoapulmon-rafaela.com\/index.php\/wp-json\/wp\/v2\/posts\/38266"}],"collection":[{"href":"https:\/\/todoapulmon-rafaela.com\/index.php\/wp-json\/wp\/v2\/posts"}],"about":[{"href":"https:\/\/todoapulmon-rafaela.com\/index.php\/wp-json\/wp\/v2\/types\/post"}],"author":[{"embeddable":true,"href":"https:\/\/todoapulmon-rafaela.com\/index.php\/wp-json\/wp\/v2\/users\/2"}],"replies":[{"embeddable":true,"href":"https:\/\/todoapulmon-rafaela.com\/index.php\/wp-json\/wp\/v2\/comments?post=38266"}],"version-history":[{"count":1,"href":"https:\/\/todoapulmon-rafaela.com\/index.php\/wp-json\/wp\/v2\/posts\/38266\/revisions"}],"predecessor-version":[{"id":38269,"href":"https:\/\/todoapulmon-rafaela.com\/index.php\/wp-json\/wp\/v2\/posts\/38266\/revisions\/38269"}],"wp:featuredmedia":[{"embeddable":true,"href":"https:\/\/todoapulmon-rafaela.com\/index.php\/wp-json\/wp\/v2\/media\/38270"}],"wp:attachment":[{"href":"https:\/\/todoapulmon-rafaela.com\/index.php\/wp-json\/wp\/v2\/media?parent=38266"}],"wp:term":[{"taxonomy":"category","embeddable":true,"href":"https:\/\/todoapulmon-rafaela.com\/index.php\/wp-json\/wp\/v2\/categories?post=38266"},{"taxonomy":"post_tag","embeddable":true,"href":"https:\/\/todoapulmon-rafaela.com\/index.php\/wp-json\/wp\/v2\/tags?post=38266"}],"curies":[{"name":"wp","href":"https:\/\/api.w.org\/{rel}","templated":true}]}}