{"id":38243,"date":"2023-03-26T12:36:40","date_gmt":"2023-03-26T12:36:40","guid":{"rendered":"https:\/\/todoapulmon-rafaela.com\/?p=38243"},"modified":"2023-03-26T12:36:40","modified_gmt":"2023-03-26T12:36:40","slug":"el-velodromo-techado-la-obra-para-el-ciclismo-en-rafaela-en-los-odesur-2026","status":"publish","type":"post","link":"https:\/\/todoapulmon-rafaela.com\/index.php\/2023\/03\/26\/el-velodromo-techado-la-obra-para-el-ciclismo-en-rafaela-en-los-odesur-2026\/","title":{"rendered":"El vel\u00f3dromo techado, la obra para el ciclismo en Rafaela en los Odesur 2026"},"content":{"rendered":"<p>El ciclismo es el deporte elegido para Rafaela en los Juegos Suramericanos 2026 que se organizar\u00e1n en conjunto con Rosario y Santa Fe. Quiz\u00e1s pueda haber algunos m\u00e1s, pero lo m\u00e1s concreto hasta ahora pasa por el deporte de la bici.<\/p>\n<p>Pero para eso ser\u00e1 necesario adecuar el vel\u00f3dromo del Club Ciclista de Rafaela a st\u00e1ndares internacionales. Ayer durante la conferencia de prensa en Buenos Aires consultamos a la secretaria de Deportes, Florencia Molinero, sobre la elecci\u00f3n de las disciplinas y manifest\u00f3:<\/p>\n<p>\u00abHemos presentado un dossier. Nos dieron 30 d\u00edas de plazo donde all\u00ed explicamos muchas cuestiones t\u00e9cnicas, entre ellas de los deportes en cada una de las ciudades, a partir de esta candidatura que hoy es oficial, que oficialmente seremos los juegos sudamericanos 2026, empezaremos a escribir el plan estrat\u00e9gico con cada uno de los municipios, y con eso hemos conformado tambi\u00e9n un equipo con cada uno de los municipios para empezar a ver deporte y capacidad hotelera. Por cuestiones l\u00f3gicas sabemos que la ciudad de Santa Fe\/Rafaela tienen una cierta capacidad hotelera por lo cual la confirmaci\u00f3n de cada uno de los deportes que va a ir all\u00ed va a depender del desarrollo hotelero y de esa cuesti\u00f3n puntual, es lo que tenemos que tener en cuenta que no es ajeno al evento y una de las cuestiones a resaltar es que tambi\u00e9n estos juegos no solo reciben deportistas sino tambi\u00e9n oficiales, entrenadores, \u00e1rbitros, dirigentes, por lo tanto si viene una cierta cantidad de deportistas es el doble en todo lo que es con los armados oficiales, que tambi\u00e9n hay que tener mucho en cuenta\u00bb.<br \/>\nLo que tiene que ver con esas cuestiones t\u00e9cnicas es la necesidad de techar el vel\u00f3dromo (no al nivel de c\u00f3mo se est\u00e1 haciendo en San Juan, pero igualmente es una obra importante), reformarlo y tratar de convertirlo tambi\u00e9n en un estadio multiprop\u00f3sito que pueda ser utilizado para otros eventos. Quien estuvo brindando sus impresiones es Walter P\u00e9rez, miembro de la Comisi\u00f3n de Atletas del COA, quien adem\u00e1s es entrenador de la selecci\u00f3n nacional de ciclismo junto al rafaelino Daniel Capella.<br \/>\nEl intendente Castellano mencion\u00f3, sobre un dato que pes\u00f3 en la elecci\u00f3n de este deporte, que \u00abnosotros tenemos una tradici\u00f3n muy fuerte con el tema del ciclismo, de hecho ha sido una pol\u00edtica de estado, un proceso que lleva m\u00e1s de 20 a\u00f1os que inici\u00f3 Omar cuando era intendente, de ampliar la base de chicos que practicar ciclismo con nuestro programa \u00abciclismo en los barrios\u00bb y nuestro deseo es que el ciclismo, como dec\u00eda Florencia, est\u00e9 ubicado y sea una de las actividades que podamos llevar a la ciudad. Todo est\u00e1 en evaluaci\u00f3n, es la intenci\u00f3n y ojal\u00e1 se pueda dar.\u00a0Una cosa que me gustar\u00eda tambi\u00e9n aclarar, como bien sabe Camilo (P\u00e9rez, presidente de ODESUR) y Mario (Moccia) el calendario oficial se confirma dos a\u00f1os antes, por lo cual es un tema importante tambi\u00e9n a tener en cuenta\u00bb.<\/p>\n","protected":false},"excerpt":{"rendered":"<p>El ciclismo es el deporte elegido para Rafaela en los Juegos Suramericanos 2026 que se organizar\u00e1n en conjunto con Rosario<\/p>\n","protected":false},"author":2,"featured_media":38244,"comment_status":"closed","ping_status":"closed","sticky":false,"template":"","format":"standard","meta":{"footnotes":""},"categories":[4,24],"tags":[],"class_list":["post-38243","post","type-post","status-publish","format-standard","has-post-thumbnail","hentry","category-ciclismo","category-noticias-destacadas"],"cc_featured_image_caption":{"caption_text":"","source_text":"","source_url":""},"_links":{"self":[{"href":"https:\/\/todoapulmon-rafaela.com\/index.php\/wp-json\/wp\/v2\/posts\/38243"}],"collection":[{"href":"https:\/\/todoapulmon-rafaela.com\/index.php\/wp-json\/wp\/v2\/posts"}],"about":[{"href":"https:\/\/todoapulmon-rafaela.com\/index.php\/wp-json\/wp\/v2\/types\/post"}],"author":[{"embeddable":true,"href":"https:\/\/todoapulmon-rafaela.com\/index.php\/wp-json\/wp\/v2\/users\/2"}],"replies":[{"embeddable":true,"href":"https:\/\/todoapulmon-rafaela.com\/index.php\/wp-json\/wp\/v2\/comments?post=38243"}],"version-history":[{"count":1,"href":"https:\/\/todoapulmon-rafaela.com\/index.php\/wp-json\/wp\/v2\/posts\/38243\/revisions"}],"predecessor-version":[{"id":38245,"href":"https:\/\/todoapulmon-rafaela.com\/index.php\/wp-json\/wp\/v2\/posts\/38243\/revisions\/38245"}],"wp:featuredmedia":[{"embeddable":true,"href":"https:\/\/todoapulmon-rafaela.com\/index.php\/wp-json\/wp\/v2\/media\/38244"}],"wp:attachment":[{"href":"https:\/\/todoapulmon-rafaela.com\/index.php\/wp-json\/wp\/v2\/media?parent=38243"}],"wp:term":[{"taxonomy":"category","embeddable":true,"href":"https:\/\/todoapulmon-rafaela.com\/index.php\/wp-json\/wp\/v2\/categories?post=38243"},{"taxonomy":"post_tag","embeddable":true,"href":"https:\/\/todoapulmon-rafaela.com\/index.php\/wp-json\/wp\/v2\/tags?post=38243"}],"curies":[{"name":"wp","href":"https:\/\/api.w.org\/{rel}","templated":true}]}}