{"id":38203,"date":"2023-03-24T22:37:14","date_gmt":"2023-03-24T22:37:14","guid":{"rendered":"https:\/\/todoapulmon-rafaela.com\/?p=38203"},"modified":"2023-03-24T22:37:14","modified_gmt":"2023-03-24T22:37:14","slug":"jornada-ideal-para-crar-a-semis-las-lineas-a-y-b","status":"publish","type":"post","link":"https:\/\/todoapulmon-rafaela.com\/index.php\/2023\/03\/24\/jornada-ideal-para-crar-a-semis-las-lineas-a-y-b\/","title":{"rendered":"Jornada ideal para CRAR, a semis las l\u00edneas A y B"},"content":{"rendered":"<p style=\"font-weight: 400\">CRAR tuvo un viernes ideal en el Regional E NEA de damas que se disputa en Paran\u00e1. El equipo dirigido por Adri\u00e1n Kieffer por la ma\u00f1ana gole\u00f3 a Chaco Hockey por 5 a 1.<\/p>\n<p style=\"font-weight: 400\">Guillermina Astudillo -2- (uno de penal), Guadalupe Vannay, Milagros Al\u00ed y Micaela Fenoglio convirtieron los goles.<\/p>\n<p style=\"font-weight: 400\">En tanto que por la tarde, se impuso por 2 a 1 a El Quill\u00e1 B y asegur\u00f3 el primer puesto de su zona. Victoria Bernardi y Guillermina Astudillo, de penal, fueron las autoras de los tantos.<\/p>\n<p><img loading=\"lazy\" decoding=\"async\" class=\"alignnone size-full wp-image-38205\" src=\"https:\/\/todoapulmon-rafaela.com\/wp-content\/uploads\/2023\/03\/IMG-20230324-WA0016.jpg\" alt=\"\" width=\"1200\" height=\"1600\" srcset=\"https:\/\/todoapulmon-rafaela.com\/wp-content\/uploads\/2023\/03\/IMG-20230324-WA0016.jpg 1200w, https:\/\/todoapulmon-rafaela.com\/wp-content\/uploads\/2023\/03\/IMG-20230324-WA0016-225x300.jpg 225w, https:\/\/todoapulmon-rafaela.com\/wp-content\/uploads\/2023\/03\/IMG-20230324-WA0016-1125x1500.jpg 1125w, https:\/\/todoapulmon-rafaela.com\/wp-content\/uploads\/2023\/03\/IMG-20230324-WA0016-1152x1536.jpg 1152w\" sizes=\"(max-width: 1200px) 100vw, 1200px\" \/><\/p>\n<p style=\"font-weight: 400\">Este s\u00e1bado jugar\u00e1 en semifinales con Estudiantes de Chaco, a las 17.<\/p>\n<p style=\"font-weight: 400\">TAMBIEN PASO LA LINEA B<\/p>\n<p style=\"font-weight: 400\">Por su parte, CRAR B complet\u00f3 este viernes la fase clasificatoria en el Regional I que se disputa en Esperanza y Humboldt. Fue con el empate 1 a 1 con Charabones de San Francisco. Pamela Dominguez anot\u00f3 para las verdes, y Priscila Maffini para las sanfrancisque\u00f1as, tambi\u00e9n representantes de la FOSH.<\/p>\n<p><img loading=\"lazy\" decoding=\"async\" class=\"alignnone size-full wp-image-38204\" src=\"https:\/\/todoapulmon-rafaela.com\/wp-content\/uploads\/2023\/03\/IMG-20230324-WA0011.jpg\" alt=\"\" width=\"1280\" height=\"960\" srcset=\"https:\/\/todoapulmon-rafaela.com\/wp-content\/uploads\/2023\/03\/IMG-20230324-WA0011.jpg 1280w, https:\/\/todoapulmon-rafaela.com\/wp-content\/uploads\/2023\/03\/IMG-20230324-WA0011-300x225.jpg 300w\" sizes=\"(max-width: 1280px) 100vw, 1280px\" \/><\/p>\n<p style=\"font-weight: 400\">Ambos equipos igualaron el segundo puesto con 4 puntos y la misma diferencia de gol, pero clasific\u00f3 segundo CRAR B por m\u00e1s goles a favor. Este s\u00e1bado a las 10 jugar\u00e1 la semifinal.<\/p>\n","protected":false},"excerpt":{"rendered":"<p>CRAR tuvo un viernes ideal en el Regional E NEA de damas que se disputa en Paran\u00e1. El equipo dirigido<\/p>\n","protected":false},"author":2,"featured_media":38206,"comment_status":"closed","ping_status":"closed","sticky":false,"template":"","format":"standard","meta":{"footnotes":""},"categories":[3,24],"tags":[],"class_list":["post-38203","post","type-post","status-publish","format-standard","has-post-thumbnail","hentry","category-hockey","category-noticias-destacadas"],"cc_featured_image_caption":{"caption_text":"","source_text":"","source_url":""},"_links":{"self":[{"href":"https:\/\/todoapulmon-rafaela.com\/index.php\/wp-json\/wp\/v2\/posts\/38203"}],"collection":[{"href":"https:\/\/todoapulmon-rafaela.com\/index.php\/wp-json\/wp\/v2\/posts"}],"about":[{"href":"https:\/\/todoapulmon-rafaela.com\/index.php\/wp-json\/wp\/v2\/types\/post"}],"author":[{"embeddable":true,"href":"https:\/\/todoapulmon-rafaela.com\/index.php\/wp-json\/wp\/v2\/users\/2"}],"replies":[{"embeddable":true,"href":"https:\/\/todoapulmon-rafaela.com\/index.php\/wp-json\/wp\/v2\/comments?post=38203"}],"version-history":[{"count":1,"href":"https:\/\/todoapulmon-rafaela.com\/index.php\/wp-json\/wp\/v2\/posts\/38203\/revisions"}],"predecessor-version":[{"id":38207,"href":"https:\/\/todoapulmon-rafaela.com\/index.php\/wp-json\/wp\/v2\/posts\/38203\/revisions\/38207"}],"wp:featuredmedia":[{"embeddable":true,"href":"https:\/\/todoapulmon-rafaela.com\/index.php\/wp-json\/wp\/v2\/media\/38206"}],"wp:attachment":[{"href":"https:\/\/todoapulmon-rafaela.com\/index.php\/wp-json\/wp\/v2\/media?parent=38203"}],"wp:term":[{"taxonomy":"category","embeddable":true,"href":"https:\/\/todoapulmon-rafaela.com\/index.php\/wp-json\/wp\/v2\/categories?post=38203"},{"taxonomy":"post_tag","embeddable":true,"href":"https:\/\/todoapulmon-rafaela.com\/index.php\/wp-json\/wp\/v2\/tags?post=38203"}],"curies":[{"name":"wp","href":"https:\/\/api.w.org\/{rel}","templated":true}]}}