{"id":38192,"date":"2023-03-24T14:55:38","date_gmt":"2023-03-24T14:55:38","guid":{"rendered":"https:\/\/todoapulmon-rafaela.com\/?p=38192"},"modified":"2023-03-24T14:58:13","modified_gmt":"2023-03-24T14:58:13","slug":"vuelve-ciclismo-en-los-barrios-2","status":"publish","type":"post","link":"https:\/\/todoapulmon-rafaela.com\/index.php\/2023\/03\/24\/vuelve-ciclismo-en-los-barrios-2\/","title":{"rendered":"Vuelve Ciclismo en los Barrios"},"content":{"rendered":"<div>El domingo 26 de marzo, desde las 16.30 horas, en Arist\u00f3bulo del Valle, entre Intendente Gim\u00e9nez y Paraguay, comienza una nueva edici\u00f3n de Ciclismo en los Barrios, que organiza la Municipalidad de Rafaela y el Club Ciclista de nuestra ciudad. En la actividad podr\u00e1n participar chicos y chicas de 5 a 12 a\u00f1os.<\/div>\n<div><\/div>\n<div>\u00abSe trata de una jornada que es disfrutada tanto por los chicos como por los grandes, ya que es un momento en familia al aire libre\u201d, cont\u00f3 el subsecretario de Deportes y Recreaci\u00f3n, Ignacio Podio.<\/div>\n<div><\/div>\n<div>Asimismo, explic\u00f3 que \u201cla inscripci\u00f3n se habilitar\u00e1 momentos antes del inicio de cada jornada y participar\u00e1n chicos de entre 5 y 12 a\u00f1os, los cuales estar\u00e1n divididos en distintas categor\u00edas\u00bb.<\/div>\n<div><\/div>\n<div>Durante la jornada se sortear\u00e1 una bicicleta, gentileza del Senador Provincial Alcides Calvo y habr\u00e1 premios para los ganadores de cada categor\u00eda gentileza de Casa Delma.<\/div>\n","protected":false},"excerpt":{"rendered":"<p>El domingo 26 de marzo, desde las 16.30 horas, en Arist\u00f3bulo del Valle, entre Intendente Gim\u00e9nez y Paraguay, comienza una<\/p>\n","protected":false},"author":2,"featured_media":38193,"comment_status":"closed","ping_status":"closed","sticky":false,"template":"","format":"standard","meta":{"footnotes":""},"categories":[4,24],"tags":[],"class_list":["post-38192","post","type-post","status-publish","format-standard","has-post-thumbnail","hentry","category-ciclismo","category-noticias-destacadas"],"cc_featured_image_caption":{"caption_text":"","source_text":"","source_url":""},"_links":{"self":[{"href":"https:\/\/todoapulmon-rafaela.com\/index.php\/wp-json\/wp\/v2\/posts\/38192"}],"collection":[{"href":"https:\/\/todoapulmon-rafaela.com\/index.php\/wp-json\/wp\/v2\/posts"}],"about":[{"href":"https:\/\/todoapulmon-rafaela.com\/index.php\/wp-json\/wp\/v2\/types\/post"}],"author":[{"embeddable":true,"href":"https:\/\/todoapulmon-rafaela.com\/index.php\/wp-json\/wp\/v2\/users\/2"}],"replies":[{"embeddable":true,"href":"https:\/\/todoapulmon-rafaela.com\/index.php\/wp-json\/wp\/v2\/comments?post=38192"}],"version-history":[{"count":2,"href":"https:\/\/todoapulmon-rafaela.com\/index.php\/wp-json\/wp\/v2\/posts\/38192\/revisions"}],"predecessor-version":[{"id":38195,"href":"https:\/\/todoapulmon-rafaela.com\/index.php\/wp-json\/wp\/v2\/posts\/38192\/revisions\/38195"}],"wp:featuredmedia":[{"embeddable":true,"href":"https:\/\/todoapulmon-rafaela.com\/index.php\/wp-json\/wp\/v2\/media\/38193"}],"wp:attachment":[{"href":"https:\/\/todoapulmon-rafaela.com\/index.php\/wp-json\/wp\/v2\/media?parent=38192"}],"wp:term":[{"taxonomy":"category","embeddable":true,"href":"https:\/\/todoapulmon-rafaela.com\/index.php\/wp-json\/wp\/v2\/categories?post=38192"},{"taxonomy":"post_tag","embeddable":true,"href":"https:\/\/todoapulmon-rafaela.com\/index.php\/wp-json\/wp\/v2\/tags?post=38192"}],"curies":[{"name":"wp","href":"https:\/\/api.w.org\/{rel}","templated":true}]}}