{"id":38130,"date":"2023-03-22T15:37:54","date_gmt":"2023-03-22T15:37:54","guid":{"rendered":"https:\/\/todoapulmon-rafaela.com\/?p=38130"},"modified":"2023-03-22T15:40:43","modified_gmt":"2023-03-22T15:40:43","slug":"cuenta-regresiva-para-el-viaje-de-emilia-acosta-al-mundial","status":"publish","type":"post","link":"https:\/\/todoapulmon-rafaela.com\/index.php\/2023\/03\/22\/cuenta-regresiva-para-el-viaje-de-emilia-acosta-al-mundial\/","title":{"rendered":"Cuenta regresiva para el viaje de Emilia Acosta al Mundial"},"content":{"rendered":"<p>La gimnasta Emilia Acosta se encuentra ultimando detalles de la preparaci\u00f3n con la selecci\u00f3n nacional de gimnasia art\u00edstica en Buenos Aires, ya en la semana del viaje a Turqu\u00eda para la disputa del Campeonato Mundial Juvenil.<\/p>\n<p>La representante de gimnasio CREAR, junto a su entrenador V\u00edctor Ingaramo, est\u00e1 concentrada desde el lunes en el CENARD. Cabe mencionar que tambi\u00e9n est\u00e1n entrenando Magdalena Gaido, con el equipo de mayores, y Luc\u00eda Gonz\u00e1lez, que se reintegra este jueves a las concentraciones, tambi\u00e9n gimnastas Elite de la instituci\u00f3n rafaelina.<\/p>\n<p><img loading=\"lazy\" decoding=\"async\" class=\"alignnone size-full wp-image-38132\" src=\"https:\/\/todoapulmon-rafaela.com\/wp-content\/uploads\/2023\/03\/CREAR-Team-en-Buenos-Aires.jpg\" alt=\"\" width=\"1175\" height=\"889\" srcset=\"https:\/\/todoapulmon-rafaela.com\/wp-content\/uploads\/2023\/03\/CREAR-Team-en-Buenos-Aires.jpg 1175w, https:\/\/todoapulmon-rafaela.com\/wp-content\/uploads\/2023\/03\/CREAR-Team-en-Buenos-Aires-300x227.jpg 300w\" sizes=\"(max-width: 1175px) 100vw, 1175px\" \/><\/p>\n<p>Recordemos que el Mundial Juvenil se realizar\u00e1 en Antalya del 29 de marzo al 3 de abril. El seleccionado argentino est\u00e1 integrado por las deportistas Emilia Acosta, Isabela Ajalla y M\u00eda Mainardi, siendo Camila Soto la entrenadora del equipo femenino.<\/p>\n<p>En la rama masculina lo integran Nahuel Pardo, Thago Ognibene y Matias Coralizzi, con Juan M. Rodriguez como entrenador.<\/p>\n<p>La partida desde Ezeiza ser\u00e1 el viernes en la tarde.<\/p>\n","protected":false},"excerpt":{"rendered":"<p>La gimnasta Emilia Acosta se encuentra ultimando detalles de la preparaci\u00f3n con la selecci\u00f3n nacional de gimnasia art\u00edstica en Buenos<\/p>\n","protected":false},"author":2,"featured_media":38134,"comment_status":"closed","ping_status":"closed","sticky":false,"template":"","format":"standard","meta":{"footnotes":""},"categories":[24],"tags":[],"class_list":["post-38130","post","type-post","status-publish","format-standard","has-post-thumbnail","hentry","category-noticias-destacadas"],"cc_featured_image_caption":{"caption_text":"FOTO PRENSA CREAR CLUB","source_text":"","source_url":""},"_links":{"self":[{"href":"https:\/\/todoapulmon-rafaela.com\/index.php\/wp-json\/wp\/v2\/posts\/38130"}],"collection":[{"href":"https:\/\/todoapulmon-rafaela.com\/index.php\/wp-json\/wp\/v2\/posts"}],"about":[{"href":"https:\/\/todoapulmon-rafaela.com\/index.php\/wp-json\/wp\/v2\/types\/post"}],"author":[{"embeddable":true,"href":"https:\/\/todoapulmon-rafaela.com\/index.php\/wp-json\/wp\/v2\/users\/2"}],"replies":[{"embeddable":true,"href":"https:\/\/todoapulmon-rafaela.com\/index.php\/wp-json\/wp\/v2\/comments?post=38130"}],"version-history":[{"count":1,"href":"https:\/\/todoapulmon-rafaela.com\/index.php\/wp-json\/wp\/v2\/posts\/38130\/revisions"}],"predecessor-version":[{"id":38133,"href":"https:\/\/todoapulmon-rafaela.com\/index.php\/wp-json\/wp\/v2\/posts\/38130\/revisions\/38133"}],"wp:featuredmedia":[{"embeddable":true,"href":"https:\/\/todoapulmon-rafaela.com\/index.php\/wp-json\/wp\/v2\/media\/38134"}],"wp:attachment":[{"href":"https:\/\/todoapulmon-rafaela.com\/index.php\/wp-json\/wp\/v2\/media?parent=38130"}],"wp:term":[{"taxonomy":"category","embeddable":true,"href":"https:\/\/todoapulmon-rafaela.com\/index.php\/wp-json\/wp\/v2\/categories?post=38130"},{"taxonomy":"post_tag","embeddable":true,"href":"https:\/\/todoapulmon-rafaela.com\/index.php\/wp-json\/wp\/v2\/tags?post=38130"}],"curies":[{"name":"wp","href":"https:\/\/api.w.org\/{rel}","templated":true}]}}