{"id":38067,"date":"2023-03-20T13:33:31","date_gmt":"2023-03-20T13:33:31","guid":{"rendered":"https:\/\/todoapulmon-rafaela.com\/?p=38067"},"modified":"2023-03-20T13:33:31","modified_gmt":"2023-03-20T13:33:31","slug":"la-lista-de-crar-para-el-regional-en-parana","status":"publish","type":"post","link":"https:\/\/todoapulmon-rafaela.com\/index.php\/2023\/03\/20\/la-lista-de-crar-para-el-regional-en-parana\/","title":{"rendered":"La lista de CRAR para el Regional en Paran\u00e1"},"content":{"rendered":"<p>Del 23 al 26 de marzo se jugar\u00e1 en Paran\u00e1 el Campeonato Regional E de Clubes NEA Damas, en el cual participar\u00e1 CRAR. El equipo rafaelino integrar\u00e1 la Zona B, junto a Col\u00f3n de San Justo, Chaco Hockey de Resistencia y El Quill\u00e1 B de Santa Fe.<\/p>\n<p>En la Zona A jugar\u00e1n Estudiantes de Paran\u00e1, Achirense de Las Achiras, Capib\u00e1 de Paran\u00e1 y Argentino de San Carlos.<\/p>\n<p>El primer partido del equipo dirigido por Adri\u00e1n Kieffer ser\u00e1 ante Col\u00f3n de San Justo el jueves 23 a las 13 en cancha del Club Talleres; el viernes 24 en Paracao desde las 10 enfrentar\u00e1 a Chaco y el \u00faltimo encuentro de la etapa inicial ser\u00e1 el mismo d\u00eda a las 17 frente a El Quill\u00e1 B, en Talleres.<\/p>\n<p>Los dos primeros de cada zona avanzar\u00e1n a semifinales para el s\u00e1bado, mientras que el domingo se definir\u00e1n las posiciones finales.<\/p>\n<p>Este es el listado de jugadoras del C\u00edrculo Rafaelino para el torneo:<\/p>\n<table width=\"178\">\n<tbody>\n<tr>\n<td width=\"24\">1<\/td>\n<td width=\"67\">Beltrocco<\/td>\n<td width=\"87\">Evangelina<\/td>\n<\/tr>\n<tr>\n<td width=\"24\">2<\/td>\n<td width=\"67\">Bernardi<\/td>\n<td width=\"87\">Mar\u00eda Victoria<\/td>\n<\/tr>\n<tr>\n<td width=\"24\">3<\/td>\n<td width=\"67\">Hern\u00e1ndez<\/td>\n<td width=\"87\">Morena<\/td>\n<\/tr>\n<tr>\n<td width=\"24\">4<\/td>\n<td width=\"67\">Fenoglio<\/td>\n<td width=\"87\">Micaela<\/td>\n<\/tr>\n<tr>\n<td width=\"24\">5<\/td>\n<td width=\"67\">Stucky<\/td>\n<td width=\"87\">Pierina<\/td>\n<\/tr>\n<tr>\n<td width=\"24\">6<\/td>\n<td width=\"67\">Brown<\/td>\n<td width=\"87\">Mar\u00eda Elena<\/td>\n<\/tr>\n<tr>\n<td width=\"24\">7<\/td>\n<td width=\"67\">Kempfen<\/td>\n<td width=\"87\">Milagros<\/td>\n<\/tr>\n<tr>\n<td width=\"24\">8<\/td>\n<td width=\"67\">Ali<\/td>\n<td width=\"87\">Milagros<\/td>\n<\/tr>\n<tr>\n<td width=\"24\">9<\/td>\n<td width=\"67\">Acosta<\/td>\n<td width=\"87\">Agostina<\/td>\n<\/tr>\n<tr>\n<td width=\"24\">10<\/td>\n<td width=\"67\">Arnolfo<\/td>\n<td width=\"87\">Agostina<\/td>\n<\/tr>\n<tr>\n<td width=\"24\">11<\/td>\n<td width=\"67\">Astudillo<\/td>\n<td width=\"87\">Guillermina<\/td>\n<\/tr>\n<tr>\n<td width=\"24\">12<\/td>\n<td width=\"67\">Basualdo<\/td>\n<td width=\"87\">Lucia<\/td>\n<\/tr>\n<tr>\n<td width=\"24\">13<\/td>\n<td width=\"67\">Casarin<\/td>\n<td width=\"87\">Juana<\/td>\n<\/tr>\n<tr>\n<td width=\"24\">14<\/td>\n<td width=\"67\">Zanabria<\/td>\n<td width=\"87\">Maitena<\/td>\n<\/tr>\n<tr>\n<td width=\"24\">15<\/td>\n<td width=\"67\">Vannay<\/td>\n<td width=\"87\">Guadalupe<\/td>\n<\/tr>\n<tr>\n<td width=\"24\">16<\/td>\n<td width=\"67\">Ruatta<\/td>\n<td width=\"87\">Julieta<\/td>\n<\/tr>\n<tr>\n<td width=\"24\">17<\/td>\n<td width=\"67\">Strauss<\/td>\n<td width=\"87\">Catherina<\/td>\n<\/tr>\n<tr>\n<td width=\"24\">18<\/td>\n<td width=\"67\">Audisio<\/td>\n<td width=\"87\">Emilia<\/td>\n<\/tr>\n<tr>\n<td width=\"24\">19<\/td>\n<td width=\"67\">Dubas<\/td>\n<td width=\"87\">Maitena<\/td>\n<\/tr>\n<tr>\n<td width=\"24\">20<\/td>\n<td width=\"67\">Kestler<\/td>\n<td width=\"87\">Maitena<\/td>\n<\/tr>\n<\/tbody>\n<\/table>\n<p>&nbsp;<\/p>\n","protected":false},"excerpt":{"rendered":"<p>Del 23 al 26 de marzo se jugar\u00e1 en Paran\u00e1 el Campeonato Regional E de Clubes NEA Damas, en el<\/p>\n","protected":false},"author":2,"featured_media":38068,"comment_status":"closed","ping_status":"closed","sticky":false,"template":"","format":"standard","meta":{"footnotes":""},"categories":[3,24],"tags":[],"class_list":["post-38067","post","type-post","status-publish","format-standard","has-post-thumbnail","hentry","category-hockey","category-noticias-destacadas"],"cc_featured_image_caption":{"caption_text":"","source_text":"","source_url":""},"_links":{"self":[{"href":"https:\/\/todoapulmon-rafaela.com\/index.php\/wp-json\/wp\/v2\/posts\/38067"}],"collection":[{"href":"https:\/\/todoapulmon-rafaela.com\/index.php\/wp-json\/wp\/v2\/posts"}],"about":[{"href":"https:\/\/todoapulmon-rafaela.com\/index.php\/wp-json\/wp\/v2\/types\/post"}],"author":[{"embeddable":true,"href":"https:\/\/todoapulmon-rafaela.com\/index.php\/wp-json\/wp\/v2\/users\/2"}],"replies":[{"embeddable":true,"href":"https:\/\/todoapulmon-rafaela.com\/index.php\/wp-json\/wp\/v2\/comments?post=38067"}],"version-history":[{"count":1,"href":"https:\/\/todoapulmon-rafaela.com\/index.php\/wp-json\/wp\/v2\/posts\/38067\/revisions"}],"predecessor-version":[{"id":38069,"href":"https:\/\/todoapulmon-rafaela.com\/index.php\/wp-json\/wp\/v2\/posts\/38067\/revisions\/38069"}],"wp:featuredmedia":[{"embeddable":true,"href":"https:\/\/todoapulmon-rafaela.com\/index.php\/wp-json\/wp\/v2\/media\/38068"}],"wp:attachment":[{"href":"https:\/\/todoapulmon-rafaela.com\/index.php\/wp-json\/wp\/v2\/media?parent=38067"}],"wp:term":[{"taxonomy":"category","embeddable":true,"href":"https:\/\/todoapulmon-rafaela.com\/index.php\/wp-json\/wp\/v2\/categories?post=38067"},{"taxonomy":"post_tag","embeddable":true,"href":"https:\/\/todoapulmon-rafaela.com\/index.php\/wp-json\/wp\/v2\/tags?post=38067"}],"curies":[{"name":"wp","href":"https:\/\/api.w.org\/{rel}","templated":true}]}}