{"id":37981,"date":"2023-03-17T16:56:20","date_gmt":"2023-03-17T16:56:20","guid":{"rendered":"https:\/\/todoapulmon-rafaela.com\/?p=37981"},"modified":"2023-03-17T16:56:43","modified_gmt":"2023-03-17T16:56:43","slug":"aprobacion-para-el-dia-de-la-capitana-y-entrenadora-argentina","status":"publish","type":"post","link":"https:\/\/todoapulmon-rafaela.com\/index.php\/2023\/03\/17\/aprobacion-para-el-dia-de-la-capitana-y-entrenadora-argentina\/","title":{"rendered":"Aprobaci\u00f3n para el D\u00eda de la Capitana y Entrenadora Argentina"},"content":{"rendered":"<p>El Consejo Directivo de la Confederaci\u00f3n Argentina de B\u00e1squet aprob\u00f3 la creaci\u00f3n de dos nuevos d\u00edas conmemorativos en el calendario nacional con la finalidad de reconocer a emblemas, figuras y pioneras del b\u00e1squet femenino nacional. Se trata de un suceso in\u00e9dito e hist\u00f3rico para la rama dado que permite recordar sus inicios memorables y establecer un punto de quiebre en el trabajo que se viene realizando en estos \u00faltimos a\u00f1os.<\/p>\n<p><strong>\u00a0Se trata del 19 de abril y 7 de diciembre en homenaje a Dora Rhodius y a \u00c1ngela Crocco de Vexina.<\/strong><\/p>\n<p>La iniciativa de estas fechas fue acercada al Consejo Directivo por el periodista Emanuel Niel, quien manifest\u00f3: \u201cEstoy muy contento de que el Consejo Directivo haya aprobado de manera un\u00e1nime esta propuesta. No es solo m\u00eda, sino tambi\u00e9n de un mont\u00f3n de mujeres que a lo largo de las d\u00e9cadas y en total silencio y anonimato han dado hasta lo imposible por dejar bien alta la celeste y blanca. La idea es que no sean solo dos fechas en el calendario. Que se aprovechen para dar talleres, llevar adelante trabajos e incluso que se convoquen a entrenadoras y ex capitanas. Que el femenino siga ganando terreno es trabajo de todos y todas\u201d.<\/p>\n<p>De esta manera se declar\u00f3 el 7 de diciembre como D\u00eda de la Capitana Argentina en homenaje a \u00c1ngela Crocco de Vexina. Dentro de los argumentos esgrimidos, se reconoce a \u00c1ngela como capitana de la Selecci\u00f3n Argentina durante el t\u00edtulo Sudamericano de 1948 y en el primer Mundial de la historia, celebrado en Chile en el a\u00f1o 1953.<\/p>\n<p>Su extensa trayectoria, relevancia y aporte por el b\u00e1squet posibilit\u00f3 su ingreso al Sal\u00f3n de la Fama que administra la Casa Argentina del B\u00e1squetbol y que reconoce a otras personalidades c\u00f3mo Le\u00f3n Najnudel, Marcelo Milanesio, los campeones ol\u00edmpicos de 2004 y los campeones mundiales de 1950, entre otros iconos.<\/p>\n<p>Para el D\u00eda de la Entrenadora Argentina se tom\u00f3 en consideraci\u00f3n el 19 de abril dado los acontecimientos protagonizados por Dora Rhodius. Durante esa fecha la escuadra albiceleste debut\u00f3 en el Sudamericano de 1958 de Lima, al mismo tiempo marc\u00f3 el estreno de Dora como la primera mujer en dirigir a la Selecci\u00f3n Argentina. Otro hito que enaltece la historia del b\u00e1squet femenino.<\/p>\n<p>La particularidad de Dora es que a la par de sus logros en el b\u00e1squet conform\u00f3 los equipos nacionales de nataci\u00f3n junto a Jeanette Campbell. As\u00ed compiti\u00f3 en los Campeonatos Sudamericanos de la disciplina de 1937 y de 1938.<\/p>\n<p>Fuente: CAB<\/p>\n","protected":false},"excerpt":{"rendered":"<p>El Consejo Directivo de la Confederaci\u00f3n Argentina de B\u00e1squet aprob\u00f3 la creaci\u00f3n de dos nuevos d\u00edas conmemorativos en el calendario<\/p>\n","protected":false},"author":2,"featured_media":37982,"comment_status":"closed","ping_status":"closed","sticky":false,"template":"","format":"standard","meta":{"footnotes":""},"categories":[5],"tags":[],"class_list":["post-37981","post","type-post","status-publish","format-standard","has-post-thumbnail","hentry","category-basquet"],"cc_featured_image_caption":{"caption_text":"","source_text":"","source_url":""},"_links":{"self":[{"href":"https:\/\/todoapulmon-rafaela.com\/index.php\/wp-json\/wp\/v2\/posts\/37981"}],"collection":[{"href":"https:\/\/todoapulmon-rafaela.com\/index.php\/wp-json\/wp\/v2\/posts"}],"about":[{"href":"https:\/\/todoapulmon-rafaela.com\/index.php\/wp-json\/wp\/v2\/types\/post"}],"author":[{"embeddable":true,"href":"https:\/\/todoapulmon-rafaela.com\/index.php\/wp-json\/wp\/v2\/users\/2"}],"replies":[{"embeddable":true,"href":"https:\/\/todoapulmon-rafaela.com\/index.php\/wp-json\/wp\/v2\/comments?post=37981"}],"version-history":[{"count":2,"href":"https:\/\/todoapulmon-rafaela.com\/index.php\/wp-json\/wp\/v2\/posts\/37981\/revisions"}],"predecessor-version":[{"id":37984,"href":"https:\/\/todoapulmon-rafaela.com\/index.php\/wp-json\/wp\/v2\/posts\/37981\/revisions\/37984"}],"wp:featuredmedia":[{"embeddable":true,"href":"https:\/\/todoapulmon-rafaela.com\/index.php\/wp-json\/wp\/v2\/media\/37982"}],"wp:attachment":[{"href":"https:\/\/todoapulmon-rafaela.com\/index.php\/wp-json\/wp\/v2\/media?parent=37981"}],"wp:term":[{"taxonomy":"category","embeddable":true,"href":"https:\/\/todoapulmon-rafaela.com\/index.php\/wp-json\/wp\/v2\/categories?post=37981"},{"taxonomy":"post_tag","embeddable":true,"href":"https:\/\/todoapulmon-rafaela.com\/index.php\/wp-json\/wp\/v2\/tags?post=37981"}],"curies":[{"name":"wp","href":"https:\/\/api.w.org\/{rel}","templated":true}]}}