{"id":37940,"date":"2023-03-15T14:19:00","date_gmt":"2023-03-15T14:19:00","guid":{"rendered":"https:\/\/todoapulmon-rafaela.com\/?p=37940"},"modified":"2023-03-15T14:19:00","modified_gmt":"2023-03-15T14:19:00","slug":"natalia-vera-esta-lista-en-egipto-para-la-copa-de-las-naciones","status":"publish","type":"post","link":"https:\/\/todoapulmon-rafaela.com\/index.php\/2023\/03\/15\/natalia-vera-esta-lista-en-egipto-para-la-copa-de-las-naciones\/","title":{"rendered":"Natalia Vera est\u00e1 lista en Egipto para la Copa de las Naciones"},"content":{"rendered":"<p>Ya est\u00e1 en disputa la segunda parada de la Copa de Naciones UCI 2023, que se lleva a cabo en el Vel\u00f3dromo Internacional de El Cairo, en Egipto, con la participaci\u00f3n de ciclistas de 50 pa\u00edses.<\/p>\n<p>Este jueves y viernes ser\u00e1 la presentaci\u00f3n de Natalia Vera. La representante del Club Ciclista de Rafaela que integra el equipo argentino intervendr\u00e1 en la primera de las jornadas en la velocidad individual, donde luego de los tiempos clasificatorios se desarrollar\u00e1n las series eliminatorias hasta llegar a las medallas; y el viernes lo har\u00e1 en el keirin, donde habr\u00e1 series clasificatorias para determinar a las finalistas.<\/p>\n<p>La actividad comenzar\u00e1 el jueves a las 6 de la ma\u00f1ana, hora Argentina, y el viernes para el keirin desde las 7.30.<\/p>\n<p>El seleccionado estar\u00e1 integrado en este periplo con j\u00f3venes figuras.\u00a0Los convocados por el entrenador nacional Walter P\u00e9rez son: Valentina Luna, Natalia Vera y Lucas Vilar (los tres correr\u00e1n las pruebas de Velocidad y Keirin); Marcos M\u00e9ndez e Iv\u00e1n Ruiz (Eliminaci\u00f3n y Omnium respectivamente, y Madison ambos).<\/p>\n","protected":false},"excerpt":{"rendered":"<p>Ya est\u00e1 en disputa la segunda parada de la Copa de Naciones UCI 2023, que se lleva a cabo en<\/p>\n","protected":false},"author":2,"featured_media":37941,"comment_status":"closed","ping_status":"closed","sticky":false,"template":"","format":"standard","meta":{"footnotes":""},"categories":[4,24],"tags":[],"class_list":["post-37940","post","type-post","status-publish","format-standard","has-post-thumbnail","hentry","category-ciclismo","category-noticias-destacadas"],"cc_featured_image_caption":{"caption_text":"","source_text":"","source_url":""},"_links":{"self":[{"href":"https:\/\/todoapulmon-rafaela.com\/index.php\/wp-json\/wp\/v2\/posts\/37940"}],"collection":[{"href":"https:\/\/todoapulmon-rafaela.com\/index.php\/wp-json\/wp\/v2\/posts"}],"about":[{"href":"https:\/\/todoapulmon-rafaela.com\/index.php\/wp-json\/wp\/v2\/types\/post"}],"author":[{"embeddable":true,"href":"https:\/\/todoapulmon-rafaela.com\/index.php\/wp-json\/wp\/v2\/users\/2"}],"replies":[{"embeddable":true,"href":"https:\/\/todoapulmon-rafaela.com\/index.php\/wp-json\/wp\/v2\/comments?post=37940"}],"version-history":[{"count":1,"href":"https:\/\/todoapulmon-rafaela.com\/index.php\/wp-json\/wp\/v2\/posts\/37940\/revisions"}],"predecessor-version":[{"id":37942,"href":"https:\/\/todoapulmon-rafaela.com\/index.php\/wp-json\/wp\/v2\/posts\/37940\/revisions\/37942"}],"wp:featuredmedia":[{"embeddable":true,"href":"https:\/\/todoapulmon-rafaela.com\/index.php\/wp-json\/wp\/v2\/media\/37941"}],"wp:attachment":[{"href":"https:\/\/todoapulmon-rafaela.com\/index.php\/wp-json\/wp\/v2\/media?parent=37940"}],"wp:term":[{"taxonomy":"category","embeddable":true,"href":"https:\/\/todoapulmon-rafaela.com\/index.php\/wp-json\/wp\/v2\/categories?post=37940"},{"taxonomy":"post_tag","embeddable":true,"href":"https:\/\/todoapulmon-rafaela.com\/index.php\/wp-json\/wp\/v2\/tags?post=37940"}],"curies":[{"name":"wp","href":"https:\/\/api.w.org\/{rel}","templated":true}]}}