{"id":37833,"date":"2023-03-10T21:38:59","date_gmt":"2023-03-10T21:38:59","guid":{"rendered":"https:\/\/todoapulmon-rafaela.com\/?p=37833"},"modified":"2023-03-10T21:38:59","modified_gmt":"2023-03-10T21:38:59","slug":"se-suspende-la-fecha-por-la-ola-de-calor","status":"publish","type":"post","link":"https:\/\/todoapulmon-rafaela.com\/index.php\/2023\/03\/10\/se-suspende-la-fecha-por-la-ola-de-calor\/","title":{"rendered":"Se suspende la fecha por la ola de calor"},"content":{"rendered":"<div id=\"m#msg-a:r-1648154578485617563\" class=\"mail-message expanded\">\n<div class=\"mail-message-content collapsible zoom-normal mail-show-images \">\n<div class=\"clear\">\n<div dir=\"ltr\">Este s\u00e1bado deb\u00eda disputarse la segunda fecha del torneo de segunda divisi\u00f3n del TRL, que iba a significar el primer partido de local para el C\u00edrculo Rafaelino de Rugby. Sin embargo, ante la ola de calor que afecta a gran parte del pa\u00eds, la Uni\u00f3n Santafesina en la tarde de ayer recomend\u00f3 iniciar la jornada a las 18 horas. Como iba a alargarse demasiado la jornada con los tres encuentros (pre-reserva, reserva y primera), y la luz artificial en muchos clubes no es la ideal, se decidi\u00f3 suspender la jornada y recuperarla m\u00e1s adelante, posiblemente en la ventana de semana santa.<br \/>\nEl Verde ten\u00eda previsto recibir\u00a0desde las 16 a La Salle de Santa Fe, siendo Fernando De Feo el \u00e1rbitro designado mientras que a las 14.15 se iban a medir en Reserva (Diego Costas) y a las 12.30 en pre-reserva.<br \/>\nEl equipo rafaelino viene de tener una muy buena presentaci\u00f3n en Paran\u00e1 derrotando a Tilcara y esperaba afianzar ese buen rendimiento para continuar sumando puntos para mantenerse en los cuatro primeros puestos, en el contexto de un torneo que reci\u00e9n est\u00e1 arrancando y que se disputar\u00e1 a dos rondas, en esta primera etapa de la temporada.<br \/>\nLos partidos que fueron suspendidos son: CRAR vs. La Salle, Fernando De Feo; Jockey de Venado Tuerto vs. Tilcara, Carlos Perrone; Alma Juniors vs. Logaritmo, Fabi\u00e1n Prats y Los Caranchos vs. Provincial, Pablo Bel\u00e9n. Libre quedaba Universitario de Santa Fe.<br \/>\nDe tal modo, CRAR seguir\u00e1 esperando por el debut de local ya que en la tercera fecha estar\u00e1 visitando a Provincial de Rosario.<\/div>\n<\/div>\n<\/div>\n<div class=\"mail-message-footer spacer collapsible\"><\/div>\n<\/div>\n","protected":false},"excerpt":{"rendered":"<p>Este s\u00e1bado deb\u00eda disputarse la segunda fecha del torneo de segunda divisi\u00f3n del TRL, que iba a significar el primer<\/p>\n","protected":false},"author":2,"featured_media":37834,"comment_status":"closed","ping_status":"closed","sticky":false,"template":"","format":"standard","meta":{"footnotes":""},"categories":[24,2],"tags":[],"class_list":["post-37833","post","type-post","status-publish","format-standard","has-post-thumbnail","hentry","category-noticias-destacadas","category-rugby"],"cc_featured_image_caption":{"caption_text":"","source_text":"","source_url":""},"_links":{"self":[{"href":"https:\/\/todoapulmon-rafaela.com\/index.php\/wp-json\/wp\/v2\/posts\/37833"}],"collection":[{"href":"https:\/\/todoapulmon-rafaela.com\/index.php\/wp-json\/wp\/v2\/posts"}],"about":[{"href":"https:\/\/todoapulmon-rafaela.com\/index.php\/wp-json\/wp\/v2\/types\/post"}],"author":[{"embeddable":true,"href":"https:\/\/todoapulmon-rafaela.com\/index.php\/wp-json\/wp\/v2\/users\/2"}],"replies":[{"embeddable":true,"href":"https:\/\/todoapulmon-rafaela.com\/index.php\/wp-json\/wp\/v2\/comments?post=37833"}],"version-history":[{"count":1,"href":"https:\/\/todoapulmon-rafaela.com\/index.php\/wp-json\/wp\/v2\/posts\/37833\/revisions"}],"predecessor-version":[{"id":37835,"href":"https:\/\/todoapulmon-rafaela.com\/index.php\/wp-json\/wp\/v2\/posts\/37833\/revisions\/37835"}],"wp:featuredmedia":[{"embeddable":true,"href":"https:\/\/todoapulmon-rafaela.com\/index.php\/wp-json\/wp\/v2\/media\/37834"}],"wp:attachment":[{"href":"https:\/\/todoapulmon-rafaela.com\/index.php\/wp-json\/wp\/v2\/media?parent=37833"}],"wp:term":[{"taxonomy":"category","embeddable":true,"href":"https:\/\/todoapulmon-rafaela.com\/index.php\/wp-json\/wp\/v2\/categories?post=37833"},{"taxonomy":"post_tag","embeddable":true,"href":"https:\/\/todoapulmon-rafaela.com\/index.php\/wp-json\/wp\/v2\/tags?post=37833"}],"curies":[{"name":"wp","href":"https:\/\/api.w.org\/{rel}","templated":true}]}}