{"id":37808,"date":"2023-03-09T22:01:26","date_gmt":"2023-03-09T22:01:26","guid":{"rendered":"https:\/\/todoapulmon-rafaela.com\/?p=37808"},"modified":"2023-03-09T22:01:26","modified_gmt":"2023-03-09T22:01:26","slug":"fixture-y-sedes-para-los-pumas-en-el-rugby-championship","status":"publish","type":"post","link":"https:\/\/todoapulmon-rafaela.com\/index.php\/2023\/03\/09\/fixture-y-sedes-para-los-pumas-en-el-rugby-championship\/","title":{"rendered":"Fixture y sedes para Los Pumas en el Rugby Championship"},"content":{"rendered":"<p>El seleccionado argentino de rugby, Los Pumas, abrir\u00e1 la temporada internacional por el torneo Rugby Championship el pr\u00f3ximo 8 de julio frente a su par de Nueva Zelanda, de acuerdo a la programaci\u00f3n dada a conocer por la Sanzaar, la entidad que involucra a los seleccionados del hemisferio sur.<\/p>\n<p>El encuentro entre Los Pumas y los \u00abAll Blacks\u00bb se llevar\u00e1 a cabo desde las 16.10 en el Estadio Malvinas de Mendoza.<br \/>\nUna semana m\u00e1s tarde, Los Pumas se medir\u00e1n frente a Australia, desde las 6,45 hora argentina, en el CommBanks Stadium de la ciudad de Sydney.<\/p>\n<p>En tanto, en su tercera y \u00faltima presentaci\u00f3n en el Championship, Los Pumas chocar\u00e1n el 29 de julio a las 12.05 tambi\u00e9n, como visitantes, frente a Sud\u00e1frica, actuales campeones del mundo, en el Emirates Airlines Park, de la ciudad de Johannesburgo.<br \/>\nFinalmente, previo al Mundial de Francia 2023, Los Pumas jugar\u00e1n un encuentro amistoso nuevamente ante Sud\u00e1frica el 5 de agosto en el estadio de V\u00e9lez Sarsfield. Finalmente, el conjunto argentino cerrar\u00e1 la etapa preparatoria, previa al Mundial de Francia 2023, enfrentando el 9 de setiembre al seleccionado de Espa\u00f1a, en la ciudad de Madrid.<br \/>\nEl t\u00e9cnico de Los Pumas, el australiano Michael Cheika, se reuni\u00f3 ayer en Casa Pumas junto a su grupo de colaboradores integrado por Juan Mart\u00edn Fern\u00e1ndez Lobbe, Felipe Contepomi; el neoceland\u00e9s David Kidnell, y Andr\u00e9s Bordoy, para continuar analizando la pr\u00f3xima temporada internacional y el Mundial de Francia 2023.<\/p>\n<p>Los Pumas estar\u00e1n realizando un Camp en la ciudad de Par\u00eds, el pr\u00f3ximo lunes 13 de marzo hasta el 15 del corriente, encuentro que entre el staff y los jugadores que participan en el rugby europeo para continuar delineando conceptos y estrategias de juego.<\/p>\n","protected":false},"excerpt":{"rendered":"<p>El seleccionado argentino de rugby, Los Pumas, abrir\u00e1 la temporada internacional por el torneo Rugby Championship el pr\u00f3ximo 8 de<\/p>\n","protected":false},"author":2,"featured_media":37809,"comment_status":"closed","ping_status":"closed","sticky":false,"template":"","format":"standard","meta":{"footnotes":""},"categories":[24,2],"tags":[],"class_list":["post-37808","post","type-post","status-publish","format-standard","has-post-thumbnail","hentry","category-noticias-destacadas","category-rugby"],"cc_featured_image_caption":{"caption_text":"","source_text":"","source_url":""},"_links":{"self":[{"href":"https:\/\/todoapulmon-rafaela.com\/index.php\/wp-json\/wp\/v2\/posts\/37808"}],"collection":[{"href":"https:\/\/todoapulmon-rafaela.com\/index.php\/wp-json\/wp\/v2\/posts"}],"about":[{"href":"https:\/\/todoapulmon-rafaela.com\/index.php\/wp-json\/wp\/v2\/types\/post"}],"author":[{"embeddable":true,"href":"https:\/\/todoapulmon-rafaela.com\/index.php\/wp-json\/wp\/v2\/users\/2"}],"replies":[{"embeddable":true,"href":"https:\/\/todoapulmon-rafaela.com\/index.php\/wp-json\/wp\/v2\/comments?post=37808"}],"version-history":[{"count":1,"href":"https:\/\/todoapulmon-rafaela.com\/index.php\/wp-json\/wp\/v2\/posts\/37808\/revisions"}],"predecessor-version":[{"id":37810,"href":"https:\/\/todoapulmon-rafaela.com\/index.php\/wp-json\/wp\/v2\/posts\/37808\/revisions\/37810"}],"wp:featuredmedia":[{"embeddable":true,"href":"https:\/\/todoapulmon-rafaela.com\/index.php\/wp-json\/wp\/v2\/media\/37809"}],"wp:attachment":[{"href":"https:\/\/todoapulmon-rafaela.com\/index.php\/wp-json\/wp\/v2\/media?parent=37808"}],"wp:term":[{"taxonomy":"category","embeddable":true,"href":"https:\/\/todoapulmon-rafaela.com\/index.php\/wp-json\/wp\/v2\/categories?post=37808"},{"taxonomy":"post_tag","embeddable":true,"href":"https:\/\/todoapulmon-rafaela.com\/index.php\/wp-json\/wp\/v2\/tags?post=37808"}],"curies":[{"name":"wp","href":"https:\/\/api.w.org\/{rel}","templated":true}]}}