{"id":37706,"date":"2023-03-06T01:03:19","date_gmt":"2023-03-06T01:03:19","guid":{"rendered":"https:\/\/todoapulmon-rafaela.com\/?p=37706"},"modified":"2023-03-16T13:17:23","modified_gmt":"2023-03-16T13:17:23","slug":"victorias-de-9-de-julio-y-juventud-de-humboldt","status":"publish","type":"post","link":"https:\/\/todoapulmon-rafaela.com\/index.php\/2023\/03\/06\/victorias-de-9-de-julio-y-juventud-de-humboldt\/","title":{"rendered":"Victorias de 9 de Julio y Juventud de Humboldt"},"content":{"rendered":"<p style=\"font-weight: 400\">Este domingo se complet\u00f3 la primera fecha del torneo Apertura de damas, Zona Rafaela A1, de la Federaci\u00f3n del Oeste Santafesino de Hockey sobre C\u00e9sped, con las programaciones previstas en los sint\u00e9ticos de CRAR y Sarmiento.<\/p>\n<p style=\"font-weight: 400\">En primera divisi\u00f3n, 9 de Julio de nuestra ciudad se impuso en Humboldt ante el local Sarmieto por 2 a 0 con goles de Luc\u00eda Romano y de la juvenil de 15 a\u00f1os Morena Breckes, que convirti\u00f3 su primer gol en la categor\u00eda superior.<\/p>\n<div style=\"width: 640px;\" class=\"wp-video\"><!--[if lt IE 9]><script>document.createElement('video');<\/script><![endif]-->\n<video class=\"wp-video-shortcode\" id=\"video-37706-1\" width=\"640\" height=\"352\" preload=\"metadata\" controls=\"controls\"><source type=\"video\/mp4\" src=\"https:\/\/todoapulmon-rafaela.com\/wp-content\/uploads\/2023\/03\/VID-20230305-WA00181.mp4?_=1\" \/><a href=\"https:\/\/todoapulmon-rafaela.com\/wp-content\/uploads\/2023\/03\/VID-20230305-WA00181.mp4\">https:\/\/todoapulmon-rafaela.com\/wp-content\/uploads\/2023\/03\/VID-20230305-WA00181.mp4<\/a><\/video><\/div>\n<p style=\"font-weight: 400\">En Reserva fue victoria de las locales por 2 a 1. Loana Mendoza y Valentina Kinen hicieron los goles de Sarmiento. Para las julienses anot\u00f3 Lucila Marchetti.<\/p>\n<p style=\"font-weight: 400\">Pasando a lo ocurrido en el sint\u00e9tico del CRAR, Juventud de Humboldt se impuso por 4 a 1 a Deportivo Bella Italia. Candela Lottersberger -2-, Paulina Trionfini y Gretel Dutruel convirtieron los goles, mientras que para las Tanas anot\u00f3 Loreley Yori, de penal.<\/p>\n<p><img loading=\"lazy\" decoding=\"async\" class=\"alignnone size-full wp-image-37707\" src=\"https:\/\/todoapulmon-rafaela.com\/wp-content\/uploads\/2023\/03\/Screenshot_20230305-181325_Gallery.jpg\" alt=\"\" width=\"720\" height=\"370\" srcset=\"https:\/\/todoapulmon-rafaela.com\/wp-content\/uploads\/2023\/03\/Screenshot_20230305-181325_Gallery.jpg 720w, https:\/\/todoapulmon-rafaela.com\/wp-content\/uploads\/2023\/03\/Screenshot_20230305-181325_Gallery-300x154.jpg 300w\" sizes=\"(max-width: 720px) 100vw, 720px\" \/><\/p>\n<p style=\"font-weight: 400\">En Reserva fue 0 a 0.<\/p>\n<p><img loading=\"lazy\" decoding=\"async\" class=\"alignnone size-full wp-image-37712\" src=\"https:\/\/todoapulmon-rafaela.com\/wp-content\/uploads\/2023\/03\/Screenshot_20230305-223003_Instagram.jpg\" alt=\"\" width=\"720\" height=\"369\" srcset=\"https:\/\/todoapulmon-rafaela.com\/wp-content\/uploads\/2023\/03\/Screenshot_20230305-223003_Instagram.jpg 720w, https:\/\/todoapulmon-rafaela.com\/wp-content\/uploads\/2023\/03\/Screenshot_20230305-223003_Instagram-300x154.jpg 300w\" sizes=\"(max-width: 720px) 100vw, 720px\" \/><\/p>\n<p style=\"font-weight: 400\">EN INFERIORES<\/p>\n<p style=\"font-weight: 400\">En nuestra ciudad, en inferiores jugaron Juventud de Humboldt y Atl\u00e9tico de Rafaela. En Sub 12 empataron 1 a 1 y en Sub 14 se impuso Juventud por 4 a 1, con 3 goles de Macarena Farias y 1 de Candela Brain.<\/p>\n<p style=\"font-weight: 400\">En Humboldt, estos fueron los resultados:<\/p>\n<p style=\"font-weight: 400\">Sub 12: Sarmiento 0 \u2013 9 de Julio 8 (Delfina Palota -2-, Karen Zorrilla, Candela Gonzalez, Paulina Aversa -2-, Fiorela Buffa y Paulina Pompeo).<\/p>\n<p style=\"font-weight: 400\">Sub 14: 9 de Julio 2 (Fiorela Buffa -2-) \u2013 Sarmiento 0.<\/p>\n<p style=\"font-weight: 400\">Sub 16: 9 de Julio 2 (Morena Breckes -2-) \u2013 Sarmiento 1.<\/p>\n","protected":false},"excerpt":{"rendered":"<p>Este domingo se complet\u00f3 la primera fecha del torneo Apertura de damas, Zona Rafaela A1, de la Federaci\u00f3n del Oeste<\/p>\n","protected":false},"author":2,"featured_media":37709,"comment_status":"closed","ping_status":"closed","sticky":false,"template":"","format":"standard","meta":{"footnotes":""},"categories":[3,24],"tags":[],"class_list":["post-37706","post","type-post","status-publish","format-standard","has-post-thumbnail","hentry","category-hockey","category-noticias-destacadas"],"cc_featured_image_caption":{"caption_text":"Morena Breckes convirti\u00f3 su primer gol en la categor\u00eda superior (foto hockey 9 de Julio de Rafaela).","source_text":"","source_url":""},"_links":{"self":[{"href":"https:\/\/todoapulmon-rafaela.com\/index.php\/wp-json\/wp\/v2\/posts\/37706"}],"collection":[{"href":"https:\/\/todoapulmon-rafaela.com\/index.php\/wp-json\/wp\/v2\/posts"}],"about":[{"href":"https:\/\/todoapulmon-rafaela.com\/index.php\/wp-json\/wp\/v2\/types\/post"}],"author":[{"embeddable":true,"href":"https:\/\/todoapulmon-rafaela.com\/index.php\/wp-json\/wp\/v2\/users\/2"}],"replies":[{"embeddable":true,"href":"https:\/\/todoapulmon-rafaela.com\/index.php\/wp-json\/wp\/v2\/comments?post=37706"}],"version-history":[{"count":3,"href":"https:\/\/todoapulmon-rafaela.com\/index.php\/wp-json\/wp\/v2\/posts\/37706\/revisions"}],"predecessor-version":[{"id":37713,"href":"https:\/\/todoapulmon-rafaela.com\/index.php\/wp-json\/wp\/v2\/posts\/37706\/revisions\/37713"}],"wp:featuredmedia":[{"embeddable":true,"href":"https:\/\/todoapulmon-rafaela.com\/index.php\/wp-json\/wp\/v2\/media\/37709"}],"wp:attachment":[{"href":"https:\/\/todoapulmon-rafaela.com\/index.php\/wp-json\/wp\/v2\/media?parent=37706"}],"wp:term":[{"taxonomy":"category","embeddable":true,"href":"https:\/\/todoapulmon-rafaela.com\/index.php\/wp-json\/wp\/v2\/categories?post=37706"},{"taxonomy":"post_tag","embeddable":true,"href":"https:\/\/todoapulmon-rafaela.com\/index.php\/wp-json\/wp\/v2\/tags?post=37706"}],"curies":[{"name":"wp","href":"https:\/\/api.w.org\/{rel}","templated":true}]}}