{"id":37700,"date":"2023-03-05T20:23:43","date_gmt":"2023-03-05T20:23:43","guid":{"rendered":"https:\/\/todoapulmon-rafaela.com\/?p=37700"},"modified":"2023-03-05T20:33:44","modified_gmt":"2023-03-05T20:33:44","slug":"mondino-arranco-la-temporada-en-el-cenard","status":"publish","type":"post","link":"https:\/\/todoapulmon-rafaela.com\/index.php\/2023\/03\/05\/mondino-arranco-la-temporada-en-el-cenard\/","title":{"rendered":"Mondino arranc\u00f3 la temporada en el CENARD con un triunfo"},"content":{"rendered":"<p>En la pista del CENARD, la FAM (Federaci\u00f3n Atl\u00e9tica Metropolitana) realiz\u00f3 el s\u00e1bado su segundo torneo de la temporada, en este caso con un homenaje al ex lanzador (y luego directivo) Rub\u00e9n Coderch. En una jornada muy calurosa, los velocistas produjeron las mejores actuaciones.<\/p>\n<p>Los 100 metros llanos de varones contaron con el recordman menor y juvenil, el rafaelino <strong>Tom\u00e1s Pablo Mondino<\/strong>, (FOTO) quien en su estreno de este 2023 marc\u00f3 10.87 (viento de 0.6 ms), seguido por Juan Ciampitti con 10.98 e Ignacio Fushimi con 11.00. Este, por su parte, fue el vencedor del salto en largo donde alcanz\u00f3 7.11, seguido por Nazareno Melgarejo con 7.06 (ambos con viento a favor).<\/p>\n<p>J<strong>uli\u00e1n Alberto Gaviola<\/strong> concret\u00f3 un buen debut del 2023 sobre los 400 llanos con sus 47.86, escoltado por el tambi\u00e9n rafaelino Pedro Emmert con 48.78 y Juli\u00e1n Pereyra con 49.10.<\/p>\n<p>En los 100 metros de damas, con viento favorable de 2.8 ms, Marlene Koss registr\u00f3 12.06, seguida por Sof\u00eda Tamara Casetta con 12.10 y Jaqueline Rombaldoni, quien recientemente retorn\u00f3 a la actividad y ahora fue tercera con 12.10. Sobre 400 metros, el triunfo fue para la juvenil Sof\u00eda Ibarra con 57.04, seguida por Camila Correa con 57.17. Y en los 100 metros con vallas, la juvenil Helen Bernard Stilling marc\u00f3 14.76, quedando segunda Violeta Aranda con 14.87.<\/p>\n<p>Fuente: CADA.<\/p>\n","protected":false},"excerpt":{"rendered":"<p>En la pista del CENARD, la FAM (Federaci\u00f3n Atl\u00e9tica Metropolitana) realiz\u00f3 el s\u00e1bado su segundo torneo de la temporada, en<\/p>\n","protected":false},"author":2,"featured_media":37704,"comment_status":"closed","ping_status":"closed","sticky":false,"template":"","format":"standard","meta":{"footnotes":""},"categories":[7,24],"tags":[],"class_list":["post-37700","post","type-post","status-publish","format-standard","has-post-thumbnail","hentry","category-atletismo","category-noticias-destacadas"],"cc_featured_image_caption":{"caption_text":"","source_text":"","source_url":""},"_links":{"self":[{"href":"https:\/\/todoapulmon-rafaela.com\/index.php\/wp-json\/wp\/v2\/posts\/37700"}],"collection":[{"href":"https:\/\/todoapulmon-rafaela.com\/index.php\/wp-json\/wp\/v2\/posts"}],"about":[{"href":"https:\/\/todoapulmon-rafaela.com\/index.php\/wp-json\/wp\/v2\/types\/post"}],"author":[{"embeddable":true,"href":"https:\/\/todoapulmon-rafaela.com\/index.php\/wp-json\/wp\/v2\/users\/2"}],"replies":[{"embeddable":true,"href":"https:\/\/todoapulmon-rafaela.com\/index.php\/wp-json\/wp\/v2\/comments?post=37700"}],"version-history":[{"count":2,"href":"https:\/\/todoapulmon-rafaela.com\/index.php\/wp-json\/wp\/v2\/posts\/37700\/revisions"}],"predecessor-version":[{"id":37705,"href":"https:\/\/todoapulmon-rafaela.com\/index.php\/wp-json\/wp\/v2\/posts\/37700\/revisions\/37705"}],"wp:featuredmedia":[{"embeddable":true,"href":"https:\/\/todoapulmon-rafaela.com\/index.php\/wp-json\/wp\/v2\/media\/37704"}],"wp:attachment":[{"href":"https:\/\/todoapulmon-rafaela.com\/index.php\/wp-json\/wp\/v2\/media?parent=37700"}],"wp:term":[{"taxonomy":"category","embeddable":true,"href":"https:\/\/todoapulmon-rafaela.com\/index.php\/wp-json\/wp\/v2\/categories?post=37700"},{"taxonomy":"post_tag","embeddable":true,"href":"https:\/\/todoapulmon-rafaela.com\/index.php\/wp-json\/wp\/v2\/tags?post=37700"}],"curies":[{"name":"wp","href":"https:\/\/api.w.org\/{rel}","templated":true}]}}