{"id":37697,"date":"2023-03-05T18:32:06","date_gmt":"2023-03-05T18:32:06","guid":{"rendered":"https:\/\/todoapulmon-rafaela.com\/?p=37697"},"modified":"2023-03-05T18:32:06","modified_gmt":"2023-03-05T18:32:06","slug":"matias-pernuzzi-se-impuso-en-parana","status":"publish","type":"post","link":"https:\/\/todoapulmon-rafaela.com\/index.php\/2023\/03\/05\/matias-pernuzzi-se-impuso-en-parana\/","title":{"rendered":"Mat\u00edas Pernuzzi se impuso en Paran\u00e1"},"content":{"rendered":"<p>El ciclista rafaelino Mat\u00edas Pernuzzi fue ganador este s\u00e1bado de la prueba central del programa cicl\u00edstico realizado en el complejo \u00abArnoldo Sabino Pucheta\u00bb de Paran\u00e1.<\/p>\n<p>El juvenil pedalista se impuso en la competencia nocturna de 80 minutos de duraci\u00f3n, que concentr\u00f3 a Juniors, Elite, Sub 23 y Masters A y B. El segundo puesto correspondi\u00f3 a Santiago Vietto (Villa Mar\u00eda), tercero se ubic\u00f3 Maximiliano Almada (San Francisco), cuarto su hermano Cristian Pernuzzi y quinto Diego As\u00eds (San Francisco).<\/p>\n","protected":false},"excerpt":{"rendered":"<p>El ciclista rafaelino Mat\u00edas Pernuzzi fue ganador este s\u00e1bado de la prueba central del programa cicl\u00edstico realizado en el complejo<\/p>\n","protected":false},"author":2,"featured_media":37698,"comment_status":"closed","ping_status":"closed","sticky":false,"template":"","format":"standard","meta":{"footnotes":""},"categories":[4,24],"tags":[],"class_list":["post-37697","post","type-post","status-publish","format-standard","has-post-thumbnail","hentry","category-ciclismo","category-noticias-destacadas"],"cc_featured_image_caption":{"caption_text":"El podio de la prueba principal donde fue ganador Mat\u00edas Pernuzzi.","source_text":"","source_url":""},"_links":{"self":[{"href":"https:\/\/todoapulmon-rafaela.com\/index.php\/wp-json\/wp\/v2\/posts\/37697"}],"collection":[{"href":"https:\/\/todoapulmon-rafaela.com\/index.php\/wp-json\/wp\/v2\/posts"}],"about":[{"href":"https:\/\/todoapulmon-rafaela.com\/index.php\/wp-json\/wp\/v2\/types\/post"}],"author":[{"embeddable":true,"href":"https:\/\/todoapulmon-rafaela.com\/index.php\/wp-json\/wp\/v2\/users\/2"}],"replies":[{"embeddable":true,"href":"https:\/\/todoapulmon-rafaela.com\/index.php\/wp-json\/wp\/v2\/comments?post=37697"}],"version-history":[{"count":1,"href":"https:\/\/todoapulmon-rafaela.com\/index.php\/wp-json\/wp\/v2\/posts\/37697\/revisions"}],"predecessor-version":[{"id":37699,"href":"https:\/\/todoapulmon-rafaela.com\/index.php\/wp-json\/wp\/v2\/posts\/37697\/revisions\/37699"}],"wp:featuredmedia":[{"embeddable":true,"href":"https:\/\/todoapulmon-rafaela.com\/index.php\/wp-json\/wp\/v2\/media\/37698"}],"wp:attachment":[{"href":"https:\/\/todoapulmon-rafaela.com\/index.php\/wp-json\/wp\/v2\/media?parent=37697"}],"wp:term":[{"taxonomy":"category","embeddable":true,"href":"https:\/\/todoapulmon-rafaela.com\/index.php\/wp-json\/wp\/v2\/categories?post=37697"},{"taxonomy":"post_tag","embeddable":true,"href":"https:\/\/todoapulmon-rafaela.com\/index.php\/wp-json\/wp\/v2\/tags?post=37697"}],"curies":[{"name":"wp","href":"https:\/\/api.w.org\/{rel}","templated":true}]}}