{"id":37661,"date":"2023-03-04T12:26:41","date_gmt":"2023-03-04T12:26:41","guid":{"rendered":"https:\/\/todoapulmon-rafaela.com\/?p=37661"},"modified":"2023-03-04T12:30:13","modified_gmt":"2023-03-04T12:30:13","slug":"el-fixture-de-las-divisiones-formativas","status":"publish","type":"post","link":"https:\/\/todoapulmon-rafaela.com\/index.php\/2023\/03\/04\/el-fixture-de-las-divisiones-formativas\/","title":{"rendered":"El fixture de las divisiones Formativas"},"content":{"rendered":"<p>El torneo de Divisiones Formativas de la Asociaci\u00f3n Rafaelina de B\u00e1squetbol abrir\u00e1 la temporada oficial el venidero 11 de marzo. Como ocurriera en los dos a\u00f1os anteriores, seguir\u00e1n desdobladas las jornadas, con Tira A (U16, Mini, U14 y U21) y Tira B (U15, Premini, U13 y U18). Los clubes participantes ser\u00e1n los mismos del a\u00f1o pasado.<\/p>\n<p>Esta es la primera fecha: Tira A (11 de marzo): Uni\u00f3n vs. 9 de Julio; Independiente vs. Libertad; Quilmes vs. Ben Hur y Atl\u00e9tico vs. Libertad.<\/p>\n<p>La Tira B ser\u00e1 el 18 de marzo con los mismos encuentros, pero en local\u00eda invertida, con la salvedad que Ben Hur jugar\u00e1 con Pilar.<\/p>\n<p>Finalizada la fase de grupos, los cuatro primeros de cada categor\u00eda disputar\u00e1n las semifinales (1\u00ba vs. 4\u00ba y<br \/>\n2\u00ba vs. 3\u00ba), los ganadores jugar\u00e1n la final y los perdedores por el tercer puesto. El mejor ubicado tendr\u00e1<br \/>\nventaja de local\u00eda, ante igualdad de puntos la local\u00eda se definir\u00e1 por los partidos entre s\u00ed.<\/p>\n<p>De persistir la igualdad se contemplar\u00e1 la diferencia de gol en la tabla general. Los clubes clasificados del quinto al octavo puesto jugar\u00e1n una ronda consuelo bajo el mismo formato de disputa.<\/p>\n<p>El calendario tentativo establece finalizar la temporada el 25 de noviembre.<\/p>\n<p>Aqu\u00ed el fixture completo:<\/p>\n<p><a href=\"https:\/\/todoapulmon-rafaela.com\/wp-content\/uploads\/2023\/03\/Fixture-Torneo-Oficial-Categorias-Formativas-Masculino-3.pdf\">Fixture Torneo Oficial &#8211; Categor\u00edas Formativas Masculino-3<\/a><\/p>\n<p>&nbsp;<\/p>\n","protected":false},"excerpt":{"rendered":"<p>El torneo de Divisiones Formativas de la Asociaci\u00f3n Rafaelina de B\u00e1squetbol abrir\u00e1 la temporada oficial el venidero 11 de marzo.<\/p>\n","protected":false},"author":2,"featured_media":37662,"comment_status":"closed","ping_status":"closed","sticky":false,"template":"","format":"standard","meta":{"footnotes":""},"categories":[5,24],"tags":[],"class_list":["post-37661","post","type-post","status-publish","format-standard","has-post-thumbnail","hentry","category-basquet","category-noticias-destacadas"],"cc_featured_image_caption":{"caption_text":"","source_text":"","source_url":""},"_links":{"self":[{"href":"https:\/\/todoapulmon-rafaela.com\/index.php\/wp-json\/wp\/v2\/posts\/37661"}],"collection":[{"href":"https:\/\/todoapulmon-rafaela.com\/index.php\/wp-json\/wp\/v2\/posts"}],"about":[{"href":"https:\/\/todoapulmon-rafaela.com\/index.php\/wp-json\/wp\/v2\/types\/post"}],"author":[{"embeddable":true,"href":"https:\/\/todoapulmon-rafaela.com\/index.php\/wp-json\/wp\/v2\/users\/2"}],"replies":[{"embeddable":true,"href":"https:\/\/todoapulmon-rafaela.com\/index.php\/wp-json\/wp\/v2\/comments?post=37661"}],"version-history":[{"count":3,"href":"https:\/\/todoapulmon-rafaela.com\/index.php\/wp-json\/wp\/v2\/posts\/37661\/revisions"}],"predecessor-version":[{"id":37666,"href":"https:\/\/todoapulmon-rafaela.com\/index.php\/wp-json\/wp\/v2\/posts\/37661\/revisions\/37666"}],"wp:featuredmedia":[{"embeddable":true,"href":"https:\/\/todoapulmon-rafaela.com\/index.php\/wp-json\/wp\/v2\/media\/37662"}],"wp:attachment":[{"href":"https:\/\/todoapulmon-rafaela.com\/index.php\/wp-json\/wp\/v2\/media?parent=37661"}],"wp:term":[{"taxonomy":"category","embeddable":true,"href":"https:\/\/todoapulmon-rafaela.com\/index.php\/wp-json\/wp\/v2\/categories?post=37661"},{"taxonomy":"post_tag","embeddable":true,"href":"https:\/\/todoapulmon-rafaela.com\/index.php\/wp-json\/wp\/v2\/tags?post=37661"}],"curies":[{"name":"wp","href":"https:\/\/api.w.org\/{rel}","templated":true}]}}