{"id":37602,"date":"2023-03-02T17:36:08","date_gmt":"2023-03-02T17:36:08","guid":{"rendered":"https:\/\/todoapulmon-rafaela.com\/?p=37602"},"modified":"2023-03-02T17:36:08","modified_gmt":"2023-03-02T17:36:08","slug":"presencias-locales-en-competencias-de-kayak-con-meritorios-resultados","status":"publish","type":"post","link":"https:\/\/todoapulmon-rafaela.com\/index.php\/2023\/03\/02\/presencias-locales-en-competencias-de-kayak-con-meritorios-resultados\/","title":{"rendered":"Presencias locales en competencias de kayak con meritorios resultados"},"content":{"rendered":"<p>El pasado fin de semana se realiz\u00f3 en San Jos\u00e9 del Rinc\u00f3n la segunda fecha del circuito de regatas Copa Kayak Ubajay, que tiene previstas cuatro jornadas, el cual permite que varios adeptos a las pr\u00e1cticas de deportes acu\u00e1ticos tengan la posibilidad de disfrutar con amigos en los r\u00edos o lagunas del Litoral.<\/p>\n<p>Diego Turco y Cecilia Stricker son asiduos protagonistas de este tipo de pruebas, en las que\u00a0participan varias categor\u00edas del kayak, como K1, K2, Traves\u00eda y Piraguas. Los representantes locales participaron de la primera y segunda fecha en Piragua Mixta +45, con primero y segundo puesto, respectivamente.<\/p>\n<p>El a\u00f1o pasado tambi\u00e9n hab\u00edan participado en La Esmeralda (La Paz, Entre Rios), logrando un tercer puesto.<\/p>\n<p>Se trata de una disciplina donde la diversi\u00f3n va de la mano con el esfuerzo, acotando que cuando se trata de Regata es de manera competitiva, mientras que si hablamos de Traves\u00eda, es a modo de esparcimiento.<\/p>\n<p>&nbsp;<\/p>\n","protected":false},"excerpt":{"rendered":"<p>El pasado fin de semana se realiz\u00f3 en San Jos\u00e9 del Rinc\u00f3n la segunda fecha del circuito de regatas Copa<\/p>\n","protected":false},"author":2,"featured_media":37604,"comment_status":"closed","ping_status":"closed","sticky":false,"template":"","format":"standard","meta":{"footnotes":""},"categories":[24],"tags":[],"class_list":["post-37602","post","type-post","status-publish","format-standard","has-post-thumbnail","hentry","category-noticias-destacadas"],"cc_featured_image_caption":{"caption_text":"Cecilia Stricker y Diego Turco, participantes en San Jos\u00e9 del Rinc\u00f3n.","source_text":"","source_url":""},"_links":{"self":[{"href":"https:\/\/todoapulmon-rafaela.com\/index.php\/wp-json\/wp\/v2\/posts\/37602"}],"collection":[{"href":"https:\/\/todoapulmon-rafaela.com\/index.php\/wp-json\/wp\/v2\/posts"}],"about":[{"href":"https:\/\/todoapulmon-rafaela.com\/index.php\/wp-json\/wp\/v2\/types\/post"}],"author":[{"embeddable":true,"href":"https:\/\/todoapulmon-rafaela.com\/index.php\/wp-json\/wp\/v2\/users\/2"}],"replies":[{"embeddable":true,"href":"https:\/\/todoapulmon-rafaela.com\/index.php\/wp-json\/wp\/v2\/comments?post=37602"}],"version-history":[{"count":2,"href":"https:\/\/todoapulmon-rafaela.com\/index.php\/wp-json\/wp\/v2\/posts\/37602\/revisions"}],"predecessor-version":[{"id":37605,"href":"https:\/\/todoapulmon-rafaela.com\/index.php\/wp-json\/wp\/v2\/posts\/37602\/revisions\/37605"}],"wp:featuredmedia":[{"embeddable":true,"href":"https:\/\/todoapulmon-rafaela.com\/index.php\/wp-json\/wp\/v2\/media\/37604"}],"wp:attachment":[{"href":"https:\/\/todoapulmon-rafaela.com\/index.php\/wp-json\/wp\/v2\/media?parent=37602"}],"wp:term":[{"taxonomy":"category","embeddable":true,"href":"https:\/\/todoapulmon-rafaela.com\/index.php\/wp-json\/wp\/v2\/categories?post=37602"},{"taxonomy":"post_tag","embeddable":true,"href":"https:\/\/todoapulmon-rafaela.com\/index.php\/wp-json\/wp\/v2\/tags?post=37602"}],"curies":[{"name":"wp","href":"https:\/\/api.w.org\/{rel}","templated":true}]}}