{"id":37542,"date":"2023-02-28T12:28:44","date_gmt":"2023-02-28T12:28:44","guid":{"rendered":"https:\/\/todoapulmon-rafaela.com\/?p=37542"},"modified":"2023-02-28T12:28:44","modified_gmt":"2023-02-28T12:28:44","slug":"el-programa-de-la-primera-fecha-del-apertura","status":"publish","type":"post","link":"https:\/\/todoapulmon-rafaela.com\/index.php\/2023\/02\/28\/el-programa-de-la-primera-fecha-del-apertura\/","title":{"rendered":"El programa de la primera fecha del Apertura"},"content":{"rendered":"<p>El s\u00e1bado 4 y domingo 5 de marzo se pondr\u00e1 en marcha la primera fecha del campeonato Apertura A1 de la Regi\u00f3n Rafaela de Damas, organizado por la Federaci\u00f3n del Oeste Santafesino de Hockey sobre C\u00e9sped. Se jugar\u00e1 en todas las categor\u00edas.<\/p>\n<p>Cabe mencionar que en el caso del partido entre Bella Italia y Juventud de Humboldt, se enfrentar\u00e1n en primera y reserva, mientras que en inferiores los partidos ser\u00e1n entre Atl\u00e9tico de Rafaela y Juventud.<\/p>\n<p>Los horarios de inicio en primera divisi\u00f3n son las 16 horas.<\/p>\n<div>Los partidos a disputarse son los siguientes:<\/div>\n<div><\/div>\n<div><b>S\u00c1BADO 04 DE MARZO<\/b><\/div>\n<div><\/div>\n<div><b>CANCHA DE CHARABONES<\/b><\/div>\n<div>9 DE JULIO DE MORTEROS vs CRAR a partir de las 10:00 hs.<\/div>\n<div>SUB14, SUB16, SUB12, INTERMEDIA Y PRIMERA<\/div>\n<div><\/div>\n<div><b>CANCHA DE CRAR<\/b><\/div>\n<div>CLUB SPORTIVO NORTE vs CHARABONES a partir de las 11:30 hs<\/div>\n<div>SUB14, SUB12, INTERMEDIA Y PRIMERA<\/div>\n<div><b>\u00a0<\/b><\/div>\n<div><b>DOMINGO 05 DE MARZO<\/b><\/div>\n<div><b>\u00a0<\/b><\/div>\n<div><b>CANCHA DE CRAR<\/b><\/div>\n<div>C. A. RAFAELA vs JUVENTUD UNIDA DE HUMBOLDT a partir de las 11:30 hs.<\/div>\n<div>SUB14, SUB12,<\/div>\n<div>DEP. BELLA ITALIA VS. JUVENTUD DE HUMBOLDT. INTERMEDIA Y PRIMERA<\/div>\n<div><\/div>\n<div><b>CANCHA SARMIENTO DE HUMBOLDT<\/b><\/div>\n<div>SARMIENTO DE HUMBOLDT vs 9 DE JULIO DE RAFAELA dar\u00e1 comienzo a partir de las 10:00 hs<\/div>\n<div>SUB14, SUB16, SUB12, INTERMEDIA Y PRIMERA.<\/div>\n<div><\/div>\n","protected":false},"excerpt":{"rendered":"<p>El s\u00e1bado 4 y domingo 5 de marzo se pondr\u00e1 en marcha la primera fecha del campeonato Apertura A1 de<\/p>\n","protected":false},"author":2,"featured_media":37543,"comment_status":"closed","ping_status":"closed","sticky":false,"template":"","format":"standard","meta":{"footnotes":""},"categories":[3,24],"tags":[],"class_list":["post-37542","post","type-post","status-publish","format-standard","has-post-thumbnail","hentry","category-hockey","category-noticias-destacadas"],"cc_featured_image_caption":{"caption_text":"","source_text":"","source_url":""},"_links":{"self":[{"href":"https:\/\/todoapulmon-rafaela.com\/index.php\/wp-json\/wp\/v2\/posts\/37542"}],"collection":[{"href":"https:\/\/todoapulmon-rafaela.com\/index.php\/wp-json\/wp\/v2\/posts"}],"about":[{"href":"https:\/\/todoapulmon-rafaela.com\/index.php\/wp-json\/wp\/v2\/types\/post"}],"author":[{"embeddable":true,"href":"https:\/\/todoapulmon-rafaela.com\/index.php\/wp-json\/wp\/v2\/users\/2"}],"replies":[{"embeddable":true,"href":"https:\/\/todoapulmon-rafaela.com\/index.php\/wp-json\/wp\/v2\/comments?post=37542"}],"version-history":[{"count":1,"href":"https:\/\/todoapulmon-rafaela.com\/index.php\/wp-json\/wp\/v2\/posts\/37542\/revisions"}],"predecessor-version":[{"id":37544,"href":"https:\/\/todoapulmon-rafaela.com\/index.php\/wp-json\/wp\/v2\/posts\/37542\/revisions\/37544"}],"wp:featuredmedia":[{"embeddable":true,"href":"https:\/\/todoapulmon-rafaela.com\/index.php\/wp-json\/wp\/v2\/media\/37543"}],"wp:attachment":[{"href":"https:\/\/todoapulmon-rafaela.com\/index.php\/wp-json\/wp\/v2\/media?parent=37542"}],"wp:term":[{"taxonomy":"category","embeddable":true,"href":"https:\/\/todoapulmon-rafaela.com\/index.php\/wp-json\/wp\/v2\/categories?post=37542"},{"taxonomy":"post_tag","embeddable":true,"href":"https:\/\/todoapulmon-rafaela.com\/index.php\/wp-json\/wp\/v2\/tags?post=37542"}],"curies":[{"name":"wp","href":"https:\/\/api.w.org\/{rel}","templated":true}]}}