{"id":37537,"date":"2023-02-27T18:04:54","date_gmt":"2023-02-27T18:04:54","guid":{"rendered":"https:\/\/todoapulmon-rafaela.com\/?p=37537"},"modified":"2023-02-27T18:04:54","modified_gmt":"2023-02-27T18:04:54","slug":"llega-la-segunda-bicicleteada-del-ano","status":"publish","type":"post","link":"https:\/\/todoapulmon-rafaela.com\/index.php\/2023\/02\/27\/llega-la-segunda-bicicleteada-del-ano\/","title":{"rendered":"Llega la segunda bicicleteada del a\u00f1o"},"content":{"rendered":"<div id=\"m_-53876366404201327034620ecdf-7bf8-4efa-b8cf-29d5bcf4d840\">Gracias al inter\u00e9s y participaci\u00f3n ciudadana, el Instituto para el Desarrollo Sustentable de la Municipalidad de Rafaela sigue llevando adelante las bicicleteadas por las calles de la ciudad, con el objetivo de fomentar el uso de la bicicleta como medio de transporte diario y promover la actividad f\u00edsica y el cuidado de la salud.<\/div>\n<div id=\"m_-53876366404201327034620ecdf-7bf8-4efa-b8cf-29d5bcf4d840\"><\/div>\n<div id=\"m_-53876366404201327034620ecdf-7bf8-4efa-b8cf-29d5bcf4d840\">Adem\u00e1s, se busca transitar y disfrutar las ciclov\u00edas y ciclocarriles de la ciudad, y afianzar la actividad como espacio de encuentro y diversi\u00f3n para las familias y rafaelinos.<\/div>\n<div id=\"m_-53876366404201327034620ecdf-7bf8-4efa-b8cf-29d5bcf4d840\"><\/div>\n<div id=\"m_-53876366404201327034620ecdf-7bf8-4efa-b8cf-29d5bcf4d840\">En este sentido, el mi\u00e9rcoles 1 de marzo a las 20:00, con salida y llegada en la Plaza 25 de Mayo (frente al edificio municipal), se llevar\u00e1 adelante un nuevo recorrido de aproximadamente 8 kil\u00f3metros.<\/div>\n<div id=\"m_-53876366404201327034620ecdf-7bf8-4efa-b8cf-29d5bcf4d840\"><\/div>\n<div id=\"m_-53876366404201327034620ecdf-7bf8-4efa-b8cf-29d5bcf4d840\">La propuesta tendr\u00e1 la duraci\u00f3n de una hora y est\u00e1 pensada para que toda la familia pueda participar, desde los m\u00e1s peque\u00f1os hasta los adultos, ya que se realizar\u00e1 a ritmo moderado.<\/div>\n<div id=\"m_-53876366404201327034620ecdf-7bf8-4efa-b8cf-29d5bcf4d840\"><\/div>\n<div id=\"m_-53876366404201327034620ecdf-7bf8-4efa-b8cf-29d5bcf4d840\">Al final del recorrido se realizar\u00e1 el estiramiento correspondiente junto a profesionales del municipio. Tambi\u00e9n, habr\u00e1 sorteos, entre ellos una bicicleta mountain bike, cascos, carama\u00f1olas, candados, entre otros.<\/div>\n<div id=\"m_-53876366404201327034620ecdf-7bf8-4efa-b8cf-29d5bcf4d840\"><\/div>\n<div id=\"m_-53876366404201327034620ecdf-7bf8-4efa-b8cf-29d5bcf4d840\">Un plan ideal para quienes quieren disfrutar de la actividad f\u00edsica, al aire libre, las noches de verano y la buena compa\u00f1\u00eda.<\/div>\n<div id=\"m_-53876366404201327034620ecdf-7bf8-4efa-b8cf-29d5bcf4d840\"><\/div>\n<div id=\"m_-53876366404201327034620ecdf-7bf8-4efa-b8cf-29d5bcf4d840\">El evento es gratuito y se recomienda que los participantes lleven sus botellas de agua y el repelente. En caso de mal tiempo la actividad se suspende.<\/div>\n<div id=\"m_-53876366404201327034620ecdf-7bf8-4efa-b8cf-29d5bcf4d840\"><\/div>\n<div id=\"m_-53876366404201327034620ecdf-7bf8-4efa-b8cf-29d5bcf4d840\">Organizan esta propuesta, el Instituto para el Desarrollo Sustentable, junto con la Secretar\u00eda de Ambiente y Movilidad, la Subsecretar\u00eda de Deportes y la Secretar\u00eda de Cultura de la Municipalidad de Rafaela.<\/div>\n","protected":false},"excerpt":{"rendered":"<p>Gracias al inter\u00e9s y participaci\u00f3n ciudadana, el Instituto para el Desarrollo Sustentable de la Municipalidad de Rafaela sigue llevando adelante<\/p>\n","protected":false},"author":2,"featured_media":37538,"comment_status":"closed","ping_status":"closed","sticky":false,"template":"","format":"standard","meta":{"footnotes":""},"categories":[4],"tags":[],"class_list":["post-37537","post","type-post","status-publish","format-standard","has-post-thumbnail","hentry","category-ciclismo"],"cc_featured_image_caption":{"caption_text":"FOTO PRENSA MUNICIPALIDAD","source_text":"","source_url":""},"_links":{"self":[{"href":"https:\/\/todoapulmon-rafaela.com\/index.php\/wp-json\/wp\/v2\/posts\/37537"}],"collection":[{"href":"https:\/\/todoapulmon-rafaela.com\/index.php\/wp-json\/wp\/v2\/posts"}],"about":[{"href":"https:\/\/todoapulmon-rafaela.com\/index.php\/wp-json\/wp\/v2\/types\/post"}],"author":[{"embeddable":true,"href":"https:\/\/todoapulmon-rafaela.com\/index.php\/wp-json\/wp\/v2\/users\/2"}],"replies":[{"embeddable":true,"href":"https:\/\/todoapulmon-rafaela.com\/index.php\/wp-json\/wp\/v2\/comments?post=37537"}],"version-history":[{"count":1,"href":"https:\/\/todoapulmon-rafaela.com\/index.php\/wp-json\/wp\/v2\/posts\/37537\/revisions"}],"predecessor-version":[{"id":37539,"href":"https:\/\/todoapulmon-rafaela.com\/index.php\/wp-json\/wp\/v2\/posts\/37537\/revisions\/37539"}],"wp:featuredmedia":[{"embeddable":true,"href":"https:\/\/todoapulmon-rafaela.com\/index.php\/wp-json\/wp\/v2\/media\/37538"}],"wp:attachment":[{"href":"https:\/\/todoapulmon-rafaela.com\/index.php\/wp-json\/wp\/v2\/media?parent=37537"}],"wp:term":[{"taxonomy":"category","embeddable":true,"href":"https:\/\/todoapulmon-rafaela.com\/index.php\/wp-json\/wp\/v2\/categories?post=37537"},{"taxonomy":"post_tag","embeddable":true,"href":"https:\/\/todoapulmon-rafaela.com\/index.php\/wp-json\/wp\/v2\/tags?post=37537"}],"curies":[{"name":"wp","href":"https:\/\/api.w.org\/{rel}","templated":true}]}}