{"id":37498,"date":"2023-02-26T23:05:11","date_gmt":"2023-02-26T23:05:11","guid":{"rendered":"https:\/\/todoapulmon-rafaela.com\/?p=37498"},"modified":"2023-02-26T23:05:11","modified_gmt":"2023-02-26T23:05:11","slug":"exitoso-cierre-de-todos-al-agua","status":"publish","type":"post","link":"https:\/\/todoapulmon-rafaela.com\/index.php\/2023\/02\/26\/exitoso-cierre-de-todos-al-agua\/","title":{"rendered":"Exitoso cierre de \u00abTodos al Agua\u00bb"},"content":{"rendered":"<div>\n<div>Con una gran fiesta, m\u00e1s de 700 chicos y chicas que asistieron a las tres piletas municipales, finalizaron el ciclo \u201cTodos al Agua\u201d con una demostraci\u00f3n de lo aprendido en nataci\u00f3n durante este verano.<\/div>\n<div><\/div>\n<div>Estuvieron presentes, el intendente Luis Castellano; la secretaria de Desarrollo Humano, Myriam Villafa\u00f1e; el subsecretario de Deporte y Recreaci\u00f3n, Ignacio Podio, y el secretario de Desarrollo Urbano y Metropolitano, Diego Martino.<\/div>\n<div><\/div>\n<div>Durante los meses de diciembre, enero y febrero, este programa gratuito se desarroll\u00f3 en las piletas municipales de la Granja El Ceibo, del Centro de Educaci\u00f3n F\u00edsica N\u00b053 y en el natatorio ubicado en el Centro de D\u00eda Oeste (Club Policial), ubicado en Luis Fanti.<\/div>\n<div><\/div>\n<div>De lunes a viernes, ni\u00f1as y ni\u00f1os de 6 a 12 a\u00f1os, participaron de actividades de aprendizaje y recreaci\u00f3n, teniendo como objetivo la inclusi\u00f3n social.<\/div>\n<div><\/div>\n<div>Este a\u00f1o, a partir de la incorporaci\u00f3n de la pileta del Centro de D\u00eda Oeste, permiti\u00f3 ampliar la zona de cobertura a 27 barrios, de modo que chicos y chicas de m\u00e1s zonas de la ciudad pudieron acceder a la colonia de vacaciones.<\/div>\n<div><\/div>\n<div>En la pileta municipal de la Granja El Ceibo, fue el turno de los barrios Italia, Villa Dominga y Luj\u00e1n. En la pileta del Centro de D\u00eda Oeste, lo hicieron los barrios Jard\u00edn, Amancay, Mart\u00edn Fierro. En tanto, en la del CEF N\u00b053, pudieron disfrutar de este programa los barrios 2 de Abril, Villa Podio, F\u00e1tima, Belgrano, Villa Rosas y Villa del Parque.<\/div>\n<div><\/div>\n<div><strong>Escuelita de nataci\u00f3n<\/strong><\/div>\n<div>Asimismo, en el predio de la pileta municipal Granja \u00abEl Ceibo\u00bb, de 14:00 a 17:00, se desarroll\u00f3 la escuelita de nataci\u00f3n para todas las personas interesadas de 12 a\u00f1os en adelante.<\/div>\n<div><\/div>\n<div>La secretaria de Desarrollo Humano, Myriam Villafa\u00f1e, destac\u00f3 que \u201ceste programa no solo es gratuito, sino que lo que m\u00e1s nos interesa a nosotros es brindar un espacio de contenci\u00f3n social, educativa y recreativa, fortaleciendo valores como es el compartir con otros chicos con los que no se conoc\u00edan. Esto habla a las claras de una decisi\u00f3n pol\u00edtica totalmente integradora ya que tambi\u00e9n pudieron participar ni\u00f1os y ni\u00f1as con alguna discapacidad y todo ha sido un \u00e9xito\u00bb.<\/div>\n<div><img loading=\"lazy\" decoding=\"async\" class=\"alignnone size-full wp-image-37500\" src=\"https:\/\/todoapulmon-rafaela.com\/wp-content\/uploads\/2023\/02\/20230224_182430-scaled.jpg\" alt=\"\" width=\"2560\" height=\"1689\" srcset=\"https:\/\/todoapulmon-rafaela.com\/wp-content\/uploads\/2023\/02\/20230224_182430-scaled.jpg 2560w, https:\/\/todoapulmon-rafaela.com\/wp-content\/uploads\/2023\/02\/20230224_182430-300x198.jpg 300w, https:\/\/todoapulmon-rafaela.com\/wp-content\/uploads\/2023\/02\/20230224_182430-1536x1014.jpg 1536w, https:\/\/todoapulmon-rafaela.com\/wp-content\/uploads\/2023\/02\/20230224_182430-2048x1351.jpg 2048w\" sizes=\"(max-width: 2560px) 100vw, 2560px\" \/><\/div>\n<div><\/div>\n<div>Por su parte, el subsecretario de Deportes y Recreaci\u00f3n, Ignacio Podio, agradeci\u00f3 a \u201clos profesores y profesoras de educaci\u00f3n f\u00edsica, a los acompa\u00f1antes, guardavidas, y en general, al gran equipo que demostraron trabajaron d\u00eda a d\u00eda, con gran compromiso y dedicaci\u00f3n\u201d.<\/div>\n<div>\u201cPara nosotros, hoy es una fiesta porque vemos que los chicos est\u00e1n felices, disfrutando, mostrando orgullosos las destrezas que aprendieron durante este tiempo, adem\u00e1s de la gran aceptaci\u00f3n por parte de sus familias\u201d, cerr\u00f3 Podio.<\/div>\n<div><\/div>\n<div>Finalmente, Juan Oliva, presidente de la Vecinal de barrio G\u00fcemes, destac\u00f3 que los chicos del barrio est\u00e1n muy contentos por la actividad. Hoy se vio c\u00f3mo nadaban y disfrutaban cada momento. Los padres est\u00e1n muy conformes\u201d.<\/div>\n<\/div>\n<div><\/div>\n","protected":false},"excerpt":{"rendered":"<p>Con una gran fiesta, m\u00e1s de 700 chicos y chicas que asistieron a las tres piletas municipales, finalizaron el ciclo<\/p>\n","protected":false},"author":2,"featured_media":37499,"comment_status":"closed","ping_status":"closed","sticky":false,"template":"","format":"standard","meta":{"footnotes":""},"categories":[26],"tags":[],"class_list":["post-37498","post","type-post","status-publish","format-standard","has-post-thumbnail","hentry","category-natacion"],"cc_featured_image_caption":{"caption_text":"Foto Prensa Municipalidad","source_text":"","source_url":""},"_links":{"self":[{"href":"https:\/\/todoapulmon-rafaela.com\/index.php\/wp-json\/wp\/v2\/posts\/37498"}],"collection":[{"href":"https:\/\/todoapulmon-rafaela.com\/index.php\/wp-json\/wp\/v2\/posts"}],"about":[{"href":"https:\/\/todoapulmon-rafaela.com\/index.php\/wp-json\/wp\/v2\/types\/post"}],"author":[{"embeddable":true,"href":"https:\/\/todoapulmon-rafaela.com\/index.php\/wp-json\/wp\/v2\/users\/2"}],"replies":[{"embeddable":true,"href":"https:\/\/todoapulmon-rafaela.com\/index.php\/wp-json\/wp\/v2\/comments?post=37498"}],"version-history":[{"count":1,"href":"https:\/\/todoapulmon-rafaela.com\/index.php\/wp-json\/wp\/v2\/posts\/37498\/revisions"}],"predecessor-version":[{"id":37501,"href":"https:\/\/todoapulmon-rafaela.com\/index.php\/wp-json\/wp\/v2\/posts\/37498\/revisions\/37501"}],"wp:featuredmedia":[{"embeddable":true,"href":"https:\/\/todoapulmon-rafaela.com\/index.php\/wp-json\/wp\/v2\/media\/37499"}],"wp:attachment":[{"href":"https:\/\/todoapulmon-rafaela.com\/index.php\/wp-json\/wp\/v2\/media?parent=37498"}],"wp:term":[{"taxonomy":"category","embeddable":true,"href":"https:\/\/todoapulmon-rafaela.com\/index.php\/wp-json\/wp\/v2\/categories?post=37498"},{"taxonomy":"post_tag","embeddable":true,"href":"https:\/\/todoapulmon-rafaela.com\/index.php\/wp-json\/wp\/v2\/tags?post=37498"}],"curies":[{"name":"wp","href":"https:\/\/api.w.org\/{rel}","templated":true}]}}