{"id":3749,"date":"2016-11-21T16:37:34","date_gmt":"2016-11-21T16:37:34","guid":{"rendered":"http:\/\/todoapulmon-rafaela.com\/?p=3749"},"modified":"2016-11-21T16:39:30","modified_gmt":"2016-11-21T16:39:30","slug":"atletas-rafaelinos-destacados-en-santa-fe","status":"publish","type":"post","link":"https:\/\/todoapulmon-rafaela.com\/index.php\/2016\/11\/21\/atletas-rafaelinos-destacados-en-santa-fe\/","title":{"rendered":"Atletas rafaelinos destacados en Santa Fe"},"content":{"rendered":"<p>M\u00e1s de mil personas participaron este domingo en los 10km organizados por la Universidad Tecnol\u00f3gica Nacional, en la ciudad de Santa Fe.<br \/>\nEn la tradicional competencia de la capital provincial, el ganador en los 10km fue el riocuartense Brian Burgos, con 31m49s, seguido por Alexis Unrein de Strobel y el local Luis Arias. El podio femenino fue totalmente entrerriano ya que las paranaenses Lorena Carussi y Nadia Soledad Orega se quedaron con el primer y segundo puesto y Berenice Sturzenegger de Villaguay con el tercero.<\/p>\n<p>Como es habitual, un nutrido grupo de runners de nuestra ciudad estuvo presente. En la clasificaci\u00f3n general, Germ\u00e1n Fern\u00e1ndez qued\u00f3 13\u00ba (s\u00e9ptimo en su categor\u00eda) y Rodrigo Visconti se ubic\u00f3 18\u00ba (sexto en su divisi\u00f3n). Entre los 30 primeros tambi\u00e9n llegaron Ignacio Chianalino y Fernando Kuriger, citando los que arribaron mejor ubicados.<\/p>\n<p>Mencionando a quienes estuvieron entre los destacados en sus respectivas categor\u00edas merece citarse el segundo puesto de Silvio Parola, como as\u00ed tambi\u00e9n el tercero de Domingo Ponce; y en damas el primer puesto de Mariana Borlle, agregando a la satisfacci\u00f3n de participar en una prueba muy reconocida el placer de arribar con un buen tiempo para estar en los podios.<\/p>\n<figure id=\"attachment_3752\" aria-describedby=\"caption-attachment-3752\" style=\"width: 150px\" class=\"wp-caption alignnone\"><img loading=\"lazy\" decoding=\"async\" class=\"size-medium wp-image-3752\" src=\"http:\/\/todoapulmon-rafaela.com\/wp-content\/uploads\/2016\/11\/15192705_10210452684735517_4962762144295280499_n-150x300.jpg\" alt=\"Rodrigo Visconti reapareci\u00f3 tras su destacada labor en los 42k de Buenos Aires.\" width=\"150\" height=\"300\" srcset=\"https:\/\/todoapulmon-rafaela.com\/wp-content\/uploads\/2016\/11\/15192705_10210452684735517_4962762144295280499_n-150x300.jpg 150w, https:\/\/todoapulmon-rafaela.com\/wp-content\/uploads\/2016\/11\/15192705_10210452684735517_4962762144295280499_n.jpg 321w\" sizes=\"(max-width: 150px) 100vw, 150px\" \/><figcaption id=\"caption-attachment-3752\" class=\"wp-caption-text\">Rodrigo Visconti reapareci\u00f3 tras su destacada labor en los 42k de Buenos Aires.<\/figcaption><\/figure>\n<p>&nbsp;<\/p>\n","protected":false},"excerpt":{"rendered":"<p>M\u00e1s de mil personas participaron este domingo en los 10km organizados por la Universidad Tecnol\u00f3gica Nacional, en la ciudad de<\/p>\n","protected":false},"author":2,"featured_media":3754,"comment_status":"open","ping_status":"open","sticky":false,"template":"","format":"standard","meta":{"footnotes":""},"categories":[7],"tags":[],"class_list":["post-3749","post","type-post","status-publish","format-standard","has-post-thumbnail","hentry","category-atletismo"],"cc_featured_image_caption":{"caption_text":"Silvio Parola, Mariana Borlle y Germ\u00e1n Fern\u00e1ndez, tres de los atletas de nuestra ciudad en la prueba.","source_text":"","source_url":""},"_links":{"self":[{"href":"https:\/\/todoapulmon-rafaela.com\/index.php\/wp-json\/wp\/v2\/posts\/3749"}],"collection":[{"href":"https:\/\/todoapulmon-rafaela.com\/index.php\/wp-json\/wp\/v2\/posts"}],"about":[{"href":"https:\/\/todoapulmon-rafaela.com\/index.php\/wp-json\/wp\/v2\/types\/post"}],"author":[{"embeddable":true,"href":"https:\/\/todoapulmon-rafaela.com\/index.php\/wp-json\/wp\/v2\/users\/2"}],"replies":[{"embeddable":true,"href":"https:\/\/todoapulmon-rafaela.com\/index.php\/wp-json\/wp\/v2\/comments?post=3749"}],"version-history":[{"count":2,"href":"https:\/\/todoapulmon-rafaela.com\/index.php\/wp-json\/wp\/v2\/posts\/3749\/revisions"}],"predecessor-version":[{"id":3753,"href":"https:\/\/todoapulmon-rafaela.com\/index.php\/wp-json\/wp\/v2\/posts\/3749\/revisions\/3753"}],"wp:featuredmedia":[{"embeddable":true,"href":"https:\/\/todoapulmon-rafaela.com\/index.php\/wp-json\/wp\/v2\/media\/3754"}],"wp:attachment":[{"href":"https:\/\/todoapulmon-rafaela.com\/index.php\/wp-json\/wp\/v2\/media?parent=3749"}],"wp:term":[{"taxonomy":"category","embeddable":true,"href":"https:\/\/todoapulmon-rafaela.com\/index.php\/wp-json\/wp\/v2\/categories?post=3749"},{"taxonomy":"post_tag","embeddable":true,"href":"https:\/\/todoapulmon-rafaela.com\/index.php\/wp-json\/wp\/v2\/tags?post=3749"}],"curies":[{"name":"wp","href":"https:\/\/api.w.org\/{rel}","templated":true}]}}