{"id":37486,"date":"2023-02-26T12:49:29","date_gmt":"2023-02-26T12:49:29","guid":{"rendered":"https:\/\/todoapulmon-rafaela.com\/?p=37486"},"modified":"2023-02-26T12:49:29","modified_gmt":"2023-02-26T12:49:29","slug":"juveniles-golfistas-rafaelinos-en-un-nuevo-campus-de-la-federacion","status":"publish","type":"post","link":"https:\/\/todoapulmon-rafaela.com\/index.php\/2023\/02\/26\/juveniles-golfistas-rafaelinos-en-un-nuevo-campus-de-la-federacion\/","title":{"rendered":"Juveniles golfistas rafaelinos en un nuevo Campus de la Federaci\u00f3n"},"content":{"rendered":"<p>Con la participaci\u00f3n de 28 protagonistas se reealiz\u00f3 esta semana el Campus de la Federaci\u00f3n de Golf del Sur del Litoral, en el cual participaron los jugadores rafaelinos Luciano Zapata, Luc\u00eda y Juana Bocchetto, y Lola Llodr\u00e1. Fue en el Club Mitre de P\u00e9rez durante dos jornadas, con la presencia de Juan Ignacio Gil, Head Coach de Alto Rendimiento de la AAG.<\/p>\n<p>Adem\u00e1s particicip\u00f3 el staff completo de la FGSL: Margarita Llanos, Head Coach, Carlos Boerio, Preparador F\u00edsico, Irene Presenqui, Psic\u00f3loga y Guido Delprato, Francisco Toro e I\u00f1aki Biurrum, Profesores en formaci\u00f3n. Tambi\u00e9n compartieron las actividades de ambos d\u00edas, los profesionales Julio Zapata (Jockey Club de Rafaela) y Guillermo Rodr\u00edguez (Jockey Club de Rosario).<\/p>\n<p>Los chicos participantes fueron: Mariano Arraigada (juv.), Lautaro Donnet, Lucio Pavicich, Maximiliano Dom\u00ednguez, Lucas Ballario, Pedro Santa Cruz,<br \/>\nF\u00e9lix Mancini, Francisco Bonavia, Nicanor Raminger, Tom\u00e1s Pol\u00f3n, Santino Armando, Agustina Bonino, Francisca Herrera, Camila Arraigada, Lucia Bocchetto, Milagros Paduan, Martina Aguirrezabal, Francisca Ponzio, Lola Llodr\u00e1, Lucia Ponzio, Juana Bocchetto, Jos\u00e9 Santa Cruz, Eloy Raffo, Bautista Armando, Luciano Zapata, Conrado Perazzo, Juan Ignacio Castro y Baltazar Brezik.<\/p>\n<p>La Federaci\u00f3n de Golf del Sur del Litoral pondr\u00e1 en marcha el Ranking de Menores, con y sin h\u00e1ndicap, el 5 de marzo en El Paso (Santa Fe).<\/p>\n","protected":false},"excerpt":{"rendered":"<p>Con la participaci\u00f3n de 28 protagonistas se reealiz\u00f3 esta semana el Campus de la Federaci\u00f3n de Golf del Sur del<\/p>\n","protected":false},"author":2,"featured_media":37487,"comment_status":"closed","ping_status":"closed","sticky":false,"template":"","format":"standard","meta":{"footnotes":""},"categories":[17],"tags":[],"class_list":["post-37486","post","type-post","status-publish","format-standard","has-post-thumbnail","hentry","category-golf"],"cc_featured_image_caption":{"caption_text":"FOTO AAG","source_text":"","source_url":""},"_links":{"self":[{"href":"https:\/\/todoapulmon-rafaela.com\/index.php\/wp-json\/wp\/v2\/posts\/37486"}],"collection":[{"href":"https:\/\/todoapulmon-rafaela.com\/index.php\/wp-json\/wp\/v2\/posts"}],"about":[{"href":"https:\/\/todoapulmon-rafaela.com\/index.php\/wp-json\/wp\/v2\/types\/post"}],"author":[{"embeddable":true,"href":"https:\/\/todoapulmon-rafaela.com\/index.php\/wp-json\/wp\/v2\/users\/2"}],"replies":[{"embeddable":true,"href":"https:\/\/todoapulmon-rafaela.com\/index.php\/wp-json\/wp\/v2\/comments?post=37486"}],"version-history":[{"count":1,"href":"https:\/\/todoapulmon-rafaela.com\/index.php\/wp-json\/wp\/v2\/posts\/37486\/revisions"}],"predecessor-version":[{"id":37488,"href":"https:\/\/todoapulmon-rafaela.com\/index.php\/wp-json\/wp\/v2\/posts\/37486\/revisions\/37488"}],"wp:featuredmedia":[{"embeddable":true,"href":"https:\/\/todoapulmon-rafaela.com\/index.php\/wp-json\/wp\/v2\/media\/37487"}],"wp:attachment":[{"href":"https:\/\/todoapulmon-rafaela.com\/index.php\/wp-json\/wp\/v2\/media?parent=37486"}],"wp:term":[{"taxonomy":"category","embeddable":true,"href":"https:\/\/todoapulmon-rafaela.com\/index.php\/wp-json\/wp\/v2\/categories?post=37486"},{"taxonomy":"post_tag","embeddable":true,"href":"https:\/\/todoapulmon-rafaela.com\/index.php\/wp-json\/wp\/v2\/tags?post=37486"}],"curies":[{"name":"wp","href":"https:\/\/api.w.org\/{rel}","templated":true}]}}