{"id":37472,"date":"2023-02-25T16:57:40","date_gmt":"2023-02-25T16:57:40","guid":{"rendered":"https:\/\/todoapulmon-rafaela.com\/?p=37472"},"modified":"2023-02-25T17:00:43","modified_gmt":"2023-02-25T17:00:43","slug":"federico-dalmasso-con-meritoria-performance-en-el-argentino","status":"publish","type":"post","link":"https:\/\/todoapulmon-rafaela.com\/index.php\/2023\/02\/25\/federico-dalmasso-con-meritoria-performance-en-el-argentino\/","title":{"rendered":"Federico Dalmasso con meritoria performance en el Argentino"},"content":{"rendered":"<p>Pese a sufrir un inconveniente mec\u00e1nico durante la primer vuelta que lo retras\u00f3, Federico Dalmasso pudo recuperarse y realizar una gran carrera en la prueba en l\u00ednea de la categor\u00eda 2009, corrida esta ma\u00f1ana en Roque P\u00e9rez por la segunda jornada del Campeonato Argentino para Menores y Juveniles de Ruta. El representante de ACCOS y el Club Ciclista de Rafaela finaliz\u00f3 sexto, quedando muy cerquita del podio, con un tiempo de 56m 03s.<\/p>\n<p>El ganador de la prueba fue Valent\u00edn Castro (ACER) en 53m 54s, escoltado por Fantino Giuliani (ACINOBA) y el tercer lugar qued\u00f3 para Adri\u00e1n Castro (Olavarr\u00eda Centro). Fueron 28 los corredores que tomaron parte de la prueba.<\/p>\n<p>Otra de las competencias fue para las categor\u00edas 2010\/11 donde se impuso Lautaro Oviedo Paz (Sanjuanina), segundo finaliz\u00f3 Benjam\u00edn Turdo Masotti (Santafesina) y tercero fue Santiago Fern\u00e1ndez (Pueblo de la Paz).<\/p>\n","protected":false},"excerpt":{"rendered":"<p>Pese a sufrir un inconveniente mec\u00e1nico durante la primer vuelta que lo retras\u00f3, Federico Dalmasso pudo recuperarse y realizar una<\/p>\n","protected":false},"author":2,"featured_media":37475,"comment_status":"closed","ping_status":"closed","sticky":false,"template":"","format":"standard","meta":{"footnotes":""},"categories":[4,24],"tags":[],"class_list":["post-37472","post","type-post","status-publish","format-standard","has-post-thumbnail","hentry","category-ciclismo","category-noticias-destacadas"],"cc_featured_image_caption":{"caption_text":"","source_text":"","source_url":""},"_links":{"self":[{"href":"https:\/\/todoapulmon-rafaela.com\/index.php\/wp-json\/wp\/v2\/posts\/37472"}],"collection":[{"href":"https:\/\/todoapulmon-rafaela.com\/index.php\/wp-json\/wp\/v2\/posts"}],"about":[{"href":"https:\/\/todoapulmon-rafaela.com\/index.php\/wp-json\/wp\/v2\/types\/post"}],"author":[{"embeddable":true,"href":"https:\/\/todoapulmon-rafaela.com\/index.php\/wp-json\/wp\/v2\/users\/2"}],"replies":[{"embeddable":true,"href":"https:\/\/todoapulmon-rafaela.com\/index.php\/wp-json\/wp\/v2\/comments?post=37472"}],"version-history":[{"count":1,"href":"https:\/\/todoapulmon-rafaela.com\/index.php\/wp-json\/wp\/v2\/posts\/37472\/revisions"}],"predecessor-version":[{"id":37474,"href":"https:\/\/todoapulmon-rafaela.com\/index.php\/wp-json\/wp\/v2\/posts\/37472\/revisions\/37474"}],"wp:featuredmedia":[{"embeddable":true,"href":"https:\/\/todoapulmon-rafaela.com\/index.php\/wp-json\/wp\/v2\/media\/37475"}],"wp:attachment":[{"href":"https:\/\/todoapulmon-rafaela.com\/index.php\/wp-json\/wp\/v2\/media?parent=37472"}],"wp:term":[{"taxonomy":"category","embeddable":true,"href":"https:\/\/todoapulmon-rafaela.com\/index.php\/wp-json\/wp\/v2\/categories?post=37472"},{"taxonomy":"post_tag","embeddable":true,"href":"https:\/\/todoapulmon-rafaela.com\/index.php\/wp-json\/wp\/v2\/tags?post=37472"}],"curies":[{"name":"wp","href":"https:\/\/api.w.org\/{rel}","templated":true}]}}