{"id":37403,"date":"2023-02-20T23:45:23","date_gmt":"2023-02-20T23:45:23","guid":{"rendered":"https:\/\/todoapulmon-rafaela.com\/?p=37403"},"modified":"2023-02-20T23:47:07","modified_gmt":"2023-02-20T23:47:07","slug":"german-romitelli-fue-ganador-en-el-open-de-mar-del-plata","status":"publish","type":"post","link":"https:\/\/todoapulmon-rafaela.com\/index.php\/2023\/02\/20\/german-romitelli-fue-ganador-en-el-open-de-mar-del-plata\/","title":{"rendered":"Germ\u00e1n Romitelli fue ganador en el Open de Mar del Plata"},"content":{"rendered":"<p>Comenzaron las competencias oficiales de la Federaci\u00f3n Argentina de Tiro Pr\u00e1ctico. Este fin de semana se realiz\u00f3 el tradicional Open de Mar del Plata, en el cual se impuso el rafaelino Germ\u00e1n Romitelli. Lo hizo participando en la categor\u00eda Producci\u00f3n Optics, que es la misma categor\u00eda que la habitual que compite, pero con mira de punto.<\/p>\n<p>Este cambio fue solamente transitorio, a modo de entrenamiento, nos cont\u00f3 el tirador surgido del Tiro Federal Argentino de Rafaela, subcampe\u00f3n mundial el a\u00f1o pasado.<\/p>\n<p>Cabe acotar que este torneo fue el primer Selectivo para la conformaci\u00f3n de equipos nacionales para el Latinoamericano de 2024, pero Romitelli no lo tendr\u00e1 en cuenta ya que desde las pr\u00f3ximas competencia volver\u00e1 a Producci\u00f3n tradicional.<\/p>\n<p><img loading=\"lazy\" decoding=\"async\" class=\"alignnone size-full wp-image-37404\" src=\"https:\/\/todoapulmon-rafaela.com\/wp-content\/uploads\/2023\/02\/Screenshot_20230220-204149_WhatsApp1.jpg\" alt=\"\" width=\"720\" height=\"613\" srcset=\"https:\/\/todoapulmon-rafaela.com\/wp-content\/uploads\/2023\/02\/Screenshot_20230220-204149_WhatsApp1.jpg 720w, https:\/\/todoapulmon-rafaela.com\/wp-content\/uploads\/2023\/02\/Screenshot_20230220-204149_WhatsApp1-300x255.jpg 300w\" sizes=\"(max-width: 720px) 100vw, 720px\" \/><\/p>\n<p>&nbsp;<\/p>\n","protected":false},"excerpt":{"rendered":"<p>Comenzaron las competencias oficiales de la Federaci\u00f3n Argentina de Tiro Pr\u00e1ctico. Este fin de semana se realiz\u00f3 el tradicional Open<\/p>\n","protected":false},"author":2,"featured_media":37407,"comment_status":"closed","ping_status":"closed","sticky":false,"template":"","format":"standard","meta":{"footnotes":""},"categories":[24,19],"tags":[],"class_list":["post-37403","post","type-post","status-publish","format-standard","has-post-thumbnail","hentry","category-noticias-destacadas","category-tiro"],"cc_featured_image_caption":{"caption_text":"","source_text":"","source_url":""},"_links":{"self":[{"href":"https:\/\/todoapulmon-rafaela.com\/index.php\/wp-json\/wp\/v2\/posts\/37403"}],"collection":[{"href":"https:\/\/todoapulmon-rafaela.com\/index.php\/wp-json\/wp\/v2\/posts"}],"about":[{"href":"https:\/\/todoapulmon-rafaela.com\/index.php\/wp-json\/wp\/v2\/types\/post"}],"author":[{"embeddable":true,"href":"https:\/\/todoapulmon-rafaela.com\/index.php\/wp-json\/wp\/v2\/users\/2"}],"replies":[{"embeddable":true,"href":"https:\/\/todoapulmon-rafaela.com\/index.php\/wp-json\/wp\/v2\/comments?post=37403"}],"version-history":[{"count":1,"href":"https:\/\/todoapulmon-rafaela.com\/index.php\/wp-json\/wp\/v2\/posts\/37403\/revisions"}],"predecessor-version":[{"id":37406,"href":"https:\/\/todoapulmon-rafaela.com\/index.php\/wp-json\/wp\/v2\/posts\/37403\/revisions\/37406"}],"wp:featuredmedia":[{"embeddable":true,"href":"https:\/\/todoapulmon-rafaela.com\/index.php\/wp-json\/wp\/v2\/media\/37407"}],"wp:attachment":[{"href":"https:\/\/todoapulmon-rafaela.com\/index.php\/wp-json\/wp\/v2\/media?parent=37403"}],"wp:term":[{"taxonomy":"category","embeddable":true,"href":"https:\/\/todoapulmon-rafaela.com\/index.php\/wp-json\/wp\/v2\/categories?post=37403"},{"taxonomy":"post_tag","embeddable":true,"href":"https:\/\/todoapulmon-rafaela.com\/index.php\/wp-json\/wp\/v2\/tags?post=37403"}],"curies":[{"name":"wp","href":"https:\/\/api.w.org\/{rel}","templated":true}]}}