{"id":37398,"date":"2023-02-20T18:36:24","date_gmt":"2023-02-20T18:36:24","guid":{"rendered":"https:\/\/todoapulmon-rafaela.com\/?p=37398"},"modified":"2023-02-20T18:39:51","modified_gmt":"2023-02-20T18:39:51","slug":"convacatorias-de-preseleccionados-de-la-fosh-en-sub-14-y-sub-16","status":"publish","type":"post","link":"https:\/\/todoapulmon-rafaela.com\/index.php\/2023\/02\/20\/convacatorias-de-preseleccionados-de-la-fosh-en-sub-14-y-sub-16\/","title":{"rendered":"Convocatorias de preseleccionados de la FOSH en Sub 14 y Sub 16"},"content":{"rendered":"<p>El mi\u00e9rcoles 22 de febrero entrenar\u00e1n los preseleccionados de la Regi\u00f3n Rafaela de la FOSH de las categor\u00edas Sub 14 y Sub 16. Ser\u00e1 a partir de las 19, en el CRAR, a las \u00f3rdenes del entrenador Adri\u00e1n Kieffer, con Mar\u00eda Nazareth Bianco como ayudante t\u00e9cnico y Mar\u00eda Elena Brown en la preparaci\u00f3n f\u00edsica.<\/p>\n<p>En Sub 16 fueron convocadas las siguientes jugadoras:<\/p>\n<p>9 de Julio de Rafaela: Catalina Ingaramo, Emily Albarrac\u00edn, Candela Henzenn, Ludmila Dechiara, Morena Breckes, Margarita Aversa, Ludmila Krvatyrka, Agostina Sosa, Jimena Montes, Celeste Molina y Natalia Baz\u00e1n.<\/p>\n<p>CRAR: Julieta Fern\u00e1ndez, Morena Hern\u00e1ndez, Eliana Trindade, Lola Pronotti, Angeles Aguirre, Martina Pastore, Martina Mainero, Luisina Urbina y Sharon Leiva.<\/p>\n<p>Sarmiento de Humboldt: Milagros Barengo, Valentina Barengo, Valeria Hilgert, Micaela Jaime, Valentina Kinen, Lara Konig, Berenice Nagel, Keira Yennerich y Ludmila Brunas.<\/p>\n<p>Atl\u00e9tico de Rafaela: Solange Obreg\u00f3n.<\/p>\n<p>En Sub 14 fueron convocadas:<\/p>\n<p>9 de Julio de Rafaela: Julieta Gravenbarter, Victoria Pompeo, Lara Molina y Zaira Galv\u00e1n.<\/p>\n<p>CRAR: Alma Mondino, Maia Reynoso y Agustina Keller.<\/p>\n<p>Sarmiento de Humboldt: Paula Bisang, Celeste Ojeda, Ana Sosa y Camila Vaillard.<\/p>\n<p>Atl\u00e9tico de Rafaela: Milagros Anso.<\/p>\n","protected":false},"excerpt":{"rendered":"<p>El mi\u00e9rcoles 22 de febrero entrenar\u00e1n los preseleccionados de la Regi\u00f3n Rafaela de la FOSH de las categor\u00edas Sub 14<\/p>\n","protected":false},"author":2,"featured_media":37400,"comment_status":"closed","ping_status":"closed","sticky":false,"template":"","format":"standard","meta":{"footnotes":""},"categories":[3],"tags":[],"class_list":["post-37398","post","type-post","status-publish","format-standard","has-post-thumbnail","hentry","category-hockey"],"cc_featured_image_caption":{"caption_text":"","source_text":"","source_url":""},"_links":{"self":[{"href":"https:\/\/todoapulmon-rafaela.com\/index.php\/wp-json\/wp\/v2\/posts\/37398"}],"collection":[{"href":"https:\/\/todoapulmon-rafaela.com\/index.php\/wp-json\/wp\/v2\/posts"}],"about":[{"href":"https:\/\/todoapulmon-rafaela.com\/index.php\/wp-json\/wp\/v2\/types\/post"}],"author":[{"embeddable":true,"href":"https:\/\/todoapulmon-rafaela.com\/index.php\/wp-json\/wp\/v2\/users\/2"}],"replies":[{"embeddable":true,"href":"https:\/\/todoapulmon-rafaela.com\/index.php\/wp-json\/wp\/v2\/comments?post=37398"}],"version-history":[{"count":2,"href":"https:\/\/todoapulmon-rafaela.com\/index.php\/wp-json\/wp\/v2\/posts\/37398\/revisions"}],"predecessor-version":[{"id":37402,"href":"https:\/\/todoapulmon-rafaela.com\/index.php\/wp-json\/wp\/v2\/posts\/37398\/revisions\/37402"}],"wp:featuredmedia":[{"embeddable":true,"href":"https:\/\/todoapulmon-rafaela.com\/index.php\/wp-json\/wp\/v2\/media\/37400"}],"wp:attachment":[{"href":"https:\/\/todoapulmon-rafaela.com\/index.php\/wp-json\/wp\/v2\/media?parent=37398"}],"wp:term":[{"taxonomy":"category","embeddable":true,"href":"https:\/\/todoapulmon-rafaela.com\/index.php\/wp-json\/wp\/v2\/categories?post=37398"},{"taxonomy":"post_tag","embeddable":true,"href":"https:\/\/todoapulmon-rafaela.com\/index.php\/wp-json\/wp\/v2\/tags?post=37398"}],"curies":[{"name":"wp","href":"https:\/\/api.w.org\/{rel}","templated":true}]}}