{"id":37373,"date":"2023-02-19T13:37:27","date_gmt":"2023-02-19T13:37:27","guid":{"rendered":"https:\/\/todoapulmon-rafaela.com\/?p=37373"},"modified":"2023-02-19T13:37:27","modified_gmt":"2023-02-19T13:37:27","slug":"domingo-con-derrota-para-el-estudiantes-de-meli-gretter","status":"publish","type":"post","link":"https:\/\/todoapulmon-rafaela.com\/index.php\/2023\/02\/19\/domingo-con-derrota-para-el-estudiantes-de-meli-gretter\/","title":{"rendered":"Domingo con derrota para el Estudiantes de Meli Gretter"},"content":{"rendered":"<p>En el cuarto enfrentamiento de la temporada y el segundo en tierras vascas por la Liga Femenina espa\u00f1ola, este domingo <strong>Estudiantes de Madrid<\/strong> perdi\u00f3 por 68 a 57 ante Gernika. Un partido muy f\u00edsico en defensa y con un alto juego en ataque que se decidi\u00f3 en los instantes finales por detalles. La rafaelina <strong>Meli Gretter<\/strong> sum\u00f3 5 puntos en el elenco estudiantil.<\/p>\n<p>La MVP pese a la derrota de las \u00abWomen in Black\u00bb fue para Nadia Fingall que termin\u00f3 con 16 puntos, 8 rebotes para dar 20 valoraci\u00f3n, y sumar un nuevo MVP.<\/p>\n<p>La pr\u00f3xima presentaci\u00f3n del equipo de la base de la selecci\u00f3n argentina ser\u00e1 el\u00a0<strong>s\u00e1bado<\/strong><strong>25<\/strong>\u00a0en el\u00a0<strong>Movistar Academy Magari\u00f1os<\/strong> contra el puntero <strong>Valencia Basket.<\/strong><\/p>\n<p>Estudiantes marcha en la s\u00e9ptima posici\u00f3n de la Liga.<\/p>\n<p>&nbsp;<\/p>\n","protected":false},"excerpt":{"rendered":"<p>En el cuarto enfrentamiento de la temporada y el segundo en tierras vascas por la Liga Femenina espa\u00f1ola, este domingo<\/p>\n","protected":false},"author":2,"featured_media":37374,"comment_status":"closed","ping_status":"closed","sticky":false,"template":"","format":"standard","meta":{"footnotes":""},"categories":[5,24],"tags":[],"class_list":["post-37373","post","type-post","status-publish","format-standard","has-post-thumbnail","hentry","category-basquet","category-noticias-destacadas"],"cc_featured_image_caption":{"caption_text":"La rafaelina, base titular de su equipo. (Foto prensa Movistar Estudiantes).","source_text":"","source_url":""},"_links":{"self":[{"href":"https:\/\/todoapulmon-rafaela.com\/index.php\/wp-json\/wp\/v2\/posts\/37373"}],"collection":[{"href":"https:\/\/todoapulmon-rafaela.com\/index.php\/wp-json\/wp\/v2\/posts"}],"about":[{"href":"https:\/\/todoapulmon-rafaela.com\/index.php\/wp-json\/wp\/v2\/types\/post"}],"author":[{"embeddable":true,"href":"https:\/\/todoapulmon-rafaela.com\/index.php\/wp-json\/wp\/v2\/users\/2"}],"replies":[{"embeddable":true,"href":"https:\/\/todoapulmon-rafaela.com\/index.php\/wp-json\/wp\/v2\/comments?post=37373"}],"version-history":[{"count":1,"href":"https:\/\/todoapulmon-rafaela.com\/index.php\/wp-json\/wp\/v2\/posts\/37373\/revisions"}],"predecessor-version":[{"id":37375,"href":"https:\/\/todoapulmon-rafaela.com\/index.php\/wp-json\/wp\/v2\/posts\/37373\/revisions\/37375"}],"wp:featuredmedia":[{"embeddable":true,"href":"https:\/\/todoapulmon-rafaela.com\/index.php\/wp-json\/wp\/v2\/media\/37374"}],"wp:attachment":[{"href":"https:\/\/todoapulmon-rafaela.com\/index.php\/wp-json\/wp\/v2\/media?parent=37373"}],"wp:term":[{"taxonomy":"category","embeddable":true,"href":"https:\/\/todoapulmon-rafaela.com\/index.php\/wp-json\/wp\/v2\/categories?post=37373"},{"taxonomy":"post_tag","embeddable":true,"href":"https:\/\/todoapulmon-rafaela.com\/index.php\/wp-json\/wp\/v2\/tags?post=37373"}],"curies":[{"name":"wp","href":"https:\/\/api.w.org\/{rel}","templated":true}]}}