{"id":37350,"date":"2023-02-17T15:05:48","date_gmt":"2023-02-17T15:05:48","guid":{"rendered":"https:\/\/todoapulmon-rafaela.com\/?p=37350"},"modified":"2023-02-17T15:05:48","modified_gmt":"2023-02-17T15:05:48","slug":"hay-fechas-para-los-federativos-de-clubes-provinciales","status":"publish","type":"post","link":"https:\/\/todoapulmon-rafaela.com\/index.php\/2023\/02\/17\/hay-fechas-para-los-federativos-de-clubes-provinciales\/","title":{"rendered":"Hay fechas para los Federativos de Clubes Provinciales"},"content":{"rendered":"<table border=\"0\" width=\"100%\" cellspacing=\"0\" cellpadding=\"0\">\n<tbody>\n<tr>\n<td colspan=\"3\">La Federaci\u00f3n de B\u00e1squetbol de la Provincia de Santa Fe ya dispone de los datos m\u00e1s relevantes para comenzar a palpitar los torneos que movilizan a\u00f1o a a\u00f1o al deporte santafesino. Los tradicionales Federativos, tanto en su versi\u00f3n femenina como masculina ya tienen fecha l\u00edmite para anotarse, tambi\u00e9n conocen los d\u00edas de juego para su primera etapa y mes estimado para su final, en la que se conocer\u00e1n a los campeones.<\/p>\n<p>Se volver\u00e1 al formato de cuadrangulares y las edades en femenino ser\u00e1n U14, U16 y U18, mientras que en masculino se competir\u00e1 en U14, U16, U18 y U21. La competencia estar\u00e1 regionalizada\u00a0en sus primeras fases para evitar extensos traslados.<\/p>\n<p>Desde 2021 la Federaci\u00f3n se hace cargo de los aranceles arbitrales, mientras que desde 2022 se sum\u00f3 el reintegro de la inscripci\u00f3n. Y para este 2023 tambi\u00e9n se har\u00e1 cargo de los vi\u00e1ticos arbitrales.<\/td>\n<\/tr>\n<tr>\n<td colspan=\"3\"><strong>U14 Femenino<\/strong><\/p>\n<p>Anota hasta el 11 de mayo<\/p>\n<p>Primera fase Ida 1 y 2 de julio<\/p>\n<p>Primera fase vuelta 5 y 6 de agosto<\/p>\n<p>Final estimada para octubre<\/p>\n<p>Inscripci\u00f3n 22.000*<\/p>\n<p>*Se reintegrar\u00e1<\/p>\n<p>&nbsp;<\/p>\n<p><strong>U16 Femenino<\/strong><\/p>\n<p>Anota hasta el 27 de abril<\/p>\n<p>Primera fase Ida 20 y 21 de mayo<\/p>\n<p>Primera fase vuelta 10 y 11 de junio<\/p>\n<p>Final estimada para septiembre<\/p>\n<p>Inscripci\u00f3n 24.000*<\/p>\n<p>*Se reintegrar\u00e1<\/p>\n<p>&nbsp;<\/p>\n<p><strong>U18 Femenino<\/strong><\/p>\n<p>Anota hasta el 30 de marzo<\/p>\n<p>Primera fase Ida 15 y 16 de abril<\/p>\n<p>Primera fase vuelta 6 y 7 de mayo<\/p>\n<p>Final estimada para agosto<\/p>\n<p>Inscripci\u00f3n 26.000*<\/p>\n<p>*Se reintegrar\u00e1<\/p>\n<p>&nbsp;<\/p>\n<p><strong>U14 Masculino<\/strong><\/p>\n<p>Anota hasta el 27 de abril<\/p>\n<p>Primera fase Ida 3 y 4 de junio<\/p>\n<p>Primera fase vuelta 24 y 25 de junio<\/p>\n<p>Final estimada para octubre<\/p>\n<p>Inscripci\u00f3n 22.000*<\/p>\n<p>*Se reintegrar\u00e1<\/p>\n<p>&nbsp;<\/p>\n<p><strong>U16 Masculino<\/strong><\/p>\n<p>Anota hasta el 16 de marzo<\/p>\n<p>Primera fase Ida 1 y 2 de abril<\/p>\n<p>Primera fase vuelta 22 y 23 de abril<\/p>\n<p>Final estimada para octubre<\/p>\n<p>Inscripci\u00f3n 24.000*<\/p>\n<p>*Se reintegrar\u00e1<\/p>\n<p>&nbsp;<\/p>\n<p><strong>U18 Masculino<\/strong><\/p>\n<p>Anota hasta el 9 de marzo<\/p>\n<p>Primera fase Ida 25 y 26 de marzo<\/p>\n<p>Primera fase vuelta 13 y 14 de mayo<\/p>\n<p>Final estimada para septiembre<\/p>\n<p>Inscripci\u00f3n 26.000*<\/p>\n<p>*Se reintegrar\u00e1<\/p>\n<p>&nbsp;<\/p>\n<p><strong>U21 Masculino<\/strong><\/p>\n<p>Anota hasta el 23 de marzo<\/p>\n<p>Primera fase Ida 15 y 16 de abril<\/p>\n<p>Primera fase vuelta 6 y 7 de mayo<\/p>\n<p>Final estimada para agosto<\/p>\n<p>Inscripci\u00f3n 30.000*<\/p>\n<p>*Se reintegrar\u00e1<\/td>\n<\/tr>\n<\/tbody>\n<\/table>\n<p>Fuente: Federaci\u00f3n Santafesina de B\u00e1squetbol.<\/p>\n","protected":false},"excerpt":{"rendered":"<p>La Federaci\u00f3n de B\u00e1squetbol de la Provincia de Santa Fe ya dispone de los datos m\u00e1s relevantes para comenzar a<\/p>\n","protected":false},"author":2,"featured_media":37351,"comment_status":"closed","ping_status":"closed","sticky":false,"template":"","format":"standard","meta":{"footnotes":""},"categories":[5],"tags":[],"class_list":["post-37350","post","type-post","status-publish","format-standard","has-post-thumbnail","hentry","category-basquet"],"cc_featured_image_caption":{"caption_text":"Uni\u00f3n de Sunchales fue campe\u00f3n de U18 en 2022.","source_text":"","source_url":""},"_links":{"self":[{"href":"https:\/\/todoapulmon-rafaela.com\/index.php\/wp-json\/wp\/v2\/posts\/37350"}],"collection":[{"href":"https:\/\/todoapulmon-rafaela.com\/index.php\/wp-json\/wp\/v2\/posts"}],"about":[{"href":"https:\/\/todoapulmon-rafaela.com\/index.php\/wp-json\/wp\/v2\/types\/post"}],"author":[{"embeddable":true,"href":"https:\/\/todoapulmon-rafaela.com\/index.php\/wp-json\/wp\/v2\/users\/2"}],"replies":[{"embeddable":true,"href":"https:\/\/todoapulmon-rafaela.com\/index.php\/wp-json\/wp\/v2\/comments?post=37350"}],"version-history":[{"count":1,"href":"https:\/\/todoapulmon-rafaela.com\/index.php\/wp-json\/wp\/v2\/posts\/37350\/revisions"}],"predecessor-version":[{"id":37352,"href":"https:\/\/todoapulmon-rafaela.com\/index.php\/wp-json\/wp\/v2\/posts\/37350\/revisions\/37352"}],"wp:featuredmedia":[{"embeddable":true,"href":"https:\/\/todoapulmon-rafaela.com\/index.php\/wp-json\/wp\/v2\/media\/37351"}],"wp:attachment":[{"href":"https:\/\/todoapulmon-rafaela.com\/index.php\/wp-json\/wp\/v2\/media?parent=37350"}],"wp:term":[{"taxonomy":"category","embeddable":true,"href":"https:\/\/todoapulmon-rafaela.com\/index.php\/wp-json\/wp\/v2\/categories?post=37350"},{"taxonomy":"post_tag","embeddable":true,"href":"https:\/\/todoapulmon-rafaela.com\/index.php\/wp-json\/wp\/v2\/tags?post=37350"}],"curies":[{"name":"wp","href":"https:\/\/api.w.org\/{rel}","templated":true}]}}