{"id":37313,"date":"2023-02-14T17:37:33","date_gmt":"2023-02-14T17:37:33","guid":{"rendered":"https:\/\/todoapulmon-rafaela.com\/?p=37313"},"modified":"2023-02-14T17:37:33","modified_gmt":"2023-02-14T17:37:33","slug":"ignacio-zaffetti-debuto-en-el-ceibo","status":"publish","type":"post","link":"https:\/\/todoapulmon-rafaela.com\/index.php\/2023\/02\/14\/ignacio-zaffetti-debuto-en-el-ceibo\/","title":{"rendered":"Ignacio Zaffetti debut\u00f3 en El Ceibo"},"content":{"rendered":"<p>La Liga Federal comenz\u00f3 a jugarse en sus diferentes zonas desde hace unos d\u00edas. En la Zona 2 de la Divisi\u00f3n Centro uno de los equipos participantes es El Ceibo de San Francisco, que en la noche del lunes perdi\u00f3 como local en el estreno ante Bocha Sport de Colonia Caroya por 90 a 88. La novedad para el b\u00e1squet local es que en \u00abLa Flor Nacional\u00bb hizo su debut Ignacio Zaffetti, el goleador del torneo de la Asociaci\u00f3n Rafaelina 2022.<\/p>\n<p>El jugador surgido en Independiente se incorpor\u00f3 para disputar la tercera categor\u00eda del b\u00e1squet argentino en el elenco donde ya juega desde el a\u00f1o pasado Pablo Grosso, ex jugador de 9 de Julio y Ben Hur. El origen del contacto fue a trav\u00e9s de Fernando Posetto, que trabaja en el CAI, y tras solucionar algunos temas particulares el alero se sum\u00f3 al equipo dirigido por Eduardo Blengini.<\/p>\n<p>En este primer encuentro, Zaffetti estuvo 10 minutos en cancha y no marc\u00f3 puntos. Grosso colabor\u00f3 para su equipo con 6 tantos. Tambi\u00e9n lleg\u00f3 para este torneo Sebasti\u00e1n Fux, ex Uni\u00f3n de Sunchales.<\/p>\n<p>Cabe mencionar que el reglamento del Federal dispuesto por la Confederaci\u00f3n Argentina en cuanto a la distribuci\u00f3n de fichas es un tanto especial: cuatro fichas mayores, dos U23 (2000-2001), cuatro U21 (2002-2003). Se pueden tener en la lista de buena fe hasta cuatro u23 y ocho U21, en la medida que sean jugadores con m\u00e1s de un a\u00f1o en la instituci\u00f3n. Tambi\u00e9n se pueden tener dos mayores m\u00e1s si fuesen oriundos dos a\u00f1os de antig\u00fcedad con pase definitivo en la instituci\u00f3n.<\/p>\n","protected":false},"excerpt":{"rendered":"<p>La Liga Federal comenz\u00f3 a jugarse en sus diferentes zonas desde hace unos d\u00edas. En la Zona 2 de la<\/p>\n","protected":false},"author":2,"featured_media":37314,"comment_status":"closed","ping_status":"closed","sticky":false,"template":"","format":"standard","meta":{"footnotes":""},"categories":[5,24],"tags":[],"class_list":["post-37313","post","type-post","status-publish","format-standard","has-post-thumbnail","hentry","category-basquet","category-noticias-destacadas"],"cc_featured_image_caption":{"caption_text":"","source_text":"","source_url":""},"_links":{"self":[{"href":"https:\/\/todoapulmon-rafaela.com\/index.php\/wp-json\/wp\/v2\/posts\/37313"}],"collection":[{"href":"https:\/\/todoapulmon-rafaela.com\/index.php\/wp-json\/wp\/v2\/posts"}],"about":[{"href":"https:\/\/todoapulmon-rafaela.com\/index.php\/wp-json\/wp\/v2\/types\/post"}],"author":[{"embeddable":true,"href":"https:\/\/todoapulmon-rafaela.com\/index.php\/wp-json\/wp\/v2\/users\/2"}],"replies":[{"embeddable":true,"href":"https:\/\/todoapulmon-rafaela.com\/index.php\/wp-json\/wp\/v2\/comments?post=37313"}],"version-history":[{"count":1,"href":"https:\/\/todoapulmon-rafaela.com\/index.php\/wp-json\/wp\/v2\/posts\/37313\/revisions"}],"predecessor-version":[{"id":37315,"href":"https:\/\/todoapulmon-rafaela.com\/index.php\/wp-json\/wp\/v2\/posts\/37313\/revisions\/37315"}],"wp:featuredmedia":[{"embeddable":true,"href":"https:\/\/todoapulmon-rafaela.com\/index.php\/wp-json\/wp\/v2\/media\/37314"}],"wp:attachment":[{"href":"https:\/\/todoapulmon-rafaela.com\/index.php\/wp-json\/wp\/v2\/media?parent=37313"}],"wp:term":[{"taxonomy":"category","embeddable":true,"href":"https:\/\/todoapulmon-rafaela.com\/index.php\/wp-json\/wp\/v2\/categories?post=37313"},{"taxonomy":"post_tag","embeddable":true,"href":"https:\/\/todoapulmon-rafaela.com\/index.php\/wp-json\/wp\/v2\/tags?post=37313"}],"curies":[{"name":"wp","href":"https:\/\/api.w.org\/{rel}","templated":true}]}}