{"id":3730,"date":"2016-11-20T18:12:40","date_gmt":"2016-11-20T18:12:40","guid":{"rendered":"http:\/\/todoapulmon-rafaela.com\/?p=3730"},"modified":"2016-11-20T18:12:40","modified_gmt":"2016-11-20T18:12:40","slug":"rafaelinos-destacados-en-el-entrerriano-de-triatlon","status":"publish","type":"post","link":"https:\/\/todoapulmon-rafaela.com\/index.php\/2016\/11\/20\/rafaelinos-destacados-en-el-entrerriano-de-triatlon\/","title":{"rendered":"Rafaelinos destacados en el Entrerriano de Triatl\u00f3n"},"content":{"rendered":"<p>En Valle Mar\u00eda, Entre R\u00edos, este s\u00e1bado se desarroll\u00f3 la segunda fecha del Campeonato Entrerriano de Triatl\u00f3n. La oportunidad fue propicia para que se presenten a competir, haciendo su debut en la disciplina, seis integrantes del Tria Training Group, a cargo del profesor Joaqu\u00edn Avila, que entrenan en el Club Sportivo Ben Hur. Los resultados alcanzados por los deportistas fueron muy importantes y alentadores de cara a pr\u00f3ximas experiencias en esta esforzada especialidad.<\/p>\n<p>El grupo estuvo integrado por Natalia Koch, Mar\u00eda Jos\u00e9 Beninca, Susana Hauswirth, Pablo Bainotti, Juan Pablo Nani, H\u00e9ctor Ceballos y Fernando Colucci. Cabe mencionar que Ceballos, Koch y Hauswirth lograron el primer puesto en sus respectivas categor\u00edas, mientras que Beninca fue tercera.<\/p>\n<p>&nbsp;<\/p>\n<p><img loading=\"lazy\" decoding=\"async\" class=\"alignnone size-medium wp-image-3732\" src=\"http:\/\/todoapulmon-rafaela.com\/wp-content\/uploads\/2016\/11\/IMG-20161119-WA00021-225x300.jpg\" alt=\"img-20161119-wa00021\" width=\"225\" height=\"300\" srcset=\"https:\/\/todoapulmon-rafaela.com\/wp-content\/uploads\/2016\/11\/IMG-20161119-WA00021-225x300.jpg 225w, https:\/\/todoapulmon-rafaela.com\/wp-content\/uploads\/2016\/11\/IMG-20161119-WA00021-768x1025.jpg 768w, https:\/\/todoapulmon-rafaela.com\/wp-content\/uploads\/2016\/11\/IMG-20161119-WA00021-767x1024.jpg 767w, https:\/\/todoapulmon-rafaela.com\/wp-content\/uploads\/2016\/11\/IMG-20161119-WA00021.jpg 959w\" sizes=\"(max-width: 225px) 100vw, 225px\" \/><\/p>\n<p>Con r\u00e9cord de participantes para las competencias del Circuito Entrerriano (sin incluir la fecha de La Paz, que tiene rango internacional), se desarroll\u00f3 con \u00e9xito esta segunda edici\u00f3n del Triatl\u00f3n Nacional de la Tur\u00edstica Valle Mar\u00eda.<\/p>\n<p>M\u00e1s de 200 participantes de cinco provincias argentinas, la Capital Federal y la Rep\u00fablica del Uruguay intervinieron en la competencia que tuvo como epicentro el balneario-camping Municipal de la localidad del departamento Diamante. Ellos le dieron vida a una exigente prueba combinada, que coincidi\u00f3 con la apertura de la temporada estival en una de las playas m\u00e1s concurridas de Entre R\u00edos.<\/p>\n<p>En cuanto a las clasificaciones generales, el juvenil victoriense Tom\u00e1s Clivio fue el m\u00e1s r\u00e1pido de la carrera de distancia corta, que unific\u00f3 a las distintas categor\u00edas de Mayores, Juveniles, Sprint y Mountain Bike. No obstante, debido a que no cuenta con la edad m\u00ednima, la clasificaci\u00f3n general qued\u00f3 en poder del cordob\u00e9s Gast\u00f3n Montenegro (de San Francisco).<\/p>\n<p>En Damas, la competencia fue ganada por la victoriense Mar\u00eda Victoria Rivero, quien lider\u00f3 la rama por sobre la pace\u00f1a Anah\u00ed D\u00edaz, en duelo de internacionales, de acuerdo a lo publicado por la Federaci\u00f3n Entrerriana.<\/p>\n<p>&nbsp;<\/p>\n","protected":false},"excerpt":{"rendered":"<p>En Valle Mar\u00eda, Entre R\u00edos, este s\u00e1bado se desarroll\u00f3 la segunda fecha del Campeonato Entrerriano de Triatl\u00f3n. La oportunidad fue<\/p>\n","protected":false},"author":2,"featured_media":3731,"comment_status":"open","ping_status":"open","sticky":false,"template":"","format":"standard","meta":{"footnotes":""},"categories":[24,1],"tags":[],"class_list":["post-3730","post","type-post","status-publish","format-standard","has-post-thumbnail","hentry","category-noticias-destacadas","category-sin-categoria"],"cc_featured_image_caption":{"caption_text":"El grupo de triatletas rafaelinos que se destac\u00f3 en Entre R\u00edos.","source_text":"","source_url":""},"_links":{"self":[{"href":"https:\/\/todoapulmon-rafaela.com\/index.php\/wp-json\/wp\/v2\/posts\/3730"}],"collection":[{"href":"https:\/\/todoapulmon-rafaela.com\/index.php\/wp-json\/wp\/v2\/posts"}],"about":[{"href":"https:\/\/todoapulmon-rafaela.com\/index.php\/wp-json\/wp\/v2\/types\/post"}],"author":[{"embeddable":true,"href":"https:\/\/todoapulmon-rafaela.com\/index.php\/wp-json\/wp\/v2\/users\/2"}],"replies":[{"embeddable":true,"href":"https:\/\/todoapulmon-rafaela.com\/index.php\/wp-json\/wp\/v2\/comments?post=3730"}],"version-history":[{"count":1,"href":"https:\/\/todoapulmon-rafaela.com\/index.php\/wp-json\/wp\/v2\/posts\/3730\/revisions"}],"predecessor-version":[{"id":3733,"href":"https:\/\/todoapulmon-rafaela.com\/index.php\/wp-json\/wp\/v2\/posts\/3730\/revisions\/3733"}],"wp:featuredmedia":[{"embeddable":true,"href":"https:\/\/todoapulmon-rafaela.com\/index.php\/wp-json\/wp\/v2\/media\/3731"}],"wp:attachment":[{"href":"https:\/\/todoapulmon-rafaela.com\/index.php\/wp-json\/wp\/v2\/media?parent=3730"}],"wp:term":[{"taxonomy":"category","embeddable":true,"href":"https:\/\/todoapulmon-rafaela.com\/index.php\/wp-json\/wp\/v2\/categories?post=3730"},{"taxonomy":"post_tag","embeddable":true,"href":"https:\/\/todoapulmon-rafaela.com\/index.php\/wp-json\/wp\/v2\/tags?post=3730"}],"curies":[{"name":"wp","href":"https:\/\/api.w.org\/{rel}","templated":true}]}}