{"id":37277,"date":"2023-02-13T13:10:59","date_gmt":"2023-02-13T13:10:59","guid":{"rendered":"https:\/\/todoapulmon-rafaela.com\/?p=37277"},"modified":"2023-02-13T13:10:59","modified_gmt":"2023-02-13T13:10:59","slug":"destacadas-actuaciones-en-el-tria-de-reconquista","status":"publish","type":"post","link":"https:\/\/todoapulmon-rafaela.com\/index.php\/2023\/02\/13\/destacadas-actuaciones-en-el-tria-de-reconquista\/","title":{"rendered":"Destacadas actuaciones en el Tria de Reconquista"},"content":{"rendered":"<p>Con epicentro en el Club N\u00e1utico de Reconquista se realiz\u00f3 este domingo el Triatl\u00f3n de esa ciudad, con un agobiante calor.<\/p>\n<p>Susana Hauswirth fue primera en su categor\u00eda de los Age Group con un tiempo de 1h 23m 27s (16m25s en nataci\u00f3n, 38m44s en ciclismo y 28m28s en pedestrismo). acotando que se nad\u00f3 contra corriente, primera vez que le sucede en varios a\u00f1os de competencias. Recordemos que Susana naci\u00f3 en esa ciudad y disfruta particularmente de esta prueba, que en este caso sirvi\u00f3 de preparaci\u00f3n para el 70.3 que disputar\u00e1 en Punta del Este.<\/p>\n<p>Por su parte Juliana Selvaggi tambi\u00e9n qued\u00f3 primera en su categor\u00eda de MTB afianzando su crecimiento en esta disciplina con un tiempo de 1h 28m 38s (parciales de 13m56s, 46m47s y 27m56s).<\/p>\n<p><img loading=\"lazy\" decoding=\"async\" class=\"alignnone size-full wp-image-37279\" src=\"https:\/\/todoapulmon-rafaela.com\/wp-content\/uploads\/2023\/02\/Screenshot_20230213-100601_Instagram1.jpg\" alt=\"\" width=\"720\" height=\"784\" srcset=\"https:\/\/todoapulmon-rafaela.com\/wp-content\/uploads\/2023\/02\/Screenshot_20230213-100601_Instagram1.jpg 720w, https:\/\/todoapulmon-rafaela.com\/wp-content\/uploads\/2023\/02\/Screenshot_20230213-100601_Instagram1-276x300.jpg 276w\" sizes=\"(max-width: 720px) 100vw, 720px\" \/><\/p>\n<p>El joven santafesino Bautista Arbizu, de 17 a\u00f1os se impuso en la general de la exigente prueba. Segundo se ubic\u00f3 el formose\u00f1o Mauro Boratto y tercero el chaque\u00f1o Luis Ignacio Zurlo.<\/p>\n<div class=\"x11i5rnm xat24cr x1mh8g0r x1vvkbs xtlvy1s x126k92a\">\n<div dir=\"auto\">En damas la ganadora fue la santafesina Judith Soreyra.<\/div>\n<\/div>\n","protected":false},"excerpt":{"rendered":"<p>Con epicentro en el Club N\u00e1utico de Reconquista se realiz\u00f3 este domingo el Triatl\u00f3n de esa ciudad, con un agobiante<\/p>\n","protected":false},"author":2,"featured_media":37278,"comment_status":"closed","ping_status":"closed","sticky":false,"template":"","format":"standard","meta":{"footnotes":""},"categories":[24,28],"tags":[],"class_list":["post-37277","post","type-post","status-publish","format-standard","has-post-thumbnail","hentry","category-noticias-destacadas","category-triatlon"],"cc_featured_image_caption":{"caption_text":"Susana Hauswirth en el podio con el primer lugar en su categor\u00eda.","source_text":"","source_url":""},"_links":{"self":[{"href":"https:\/\/todoapulmon-rafaela.com\/index.php\/wp-json\/wp\/v2\/posts\/37277"}],"collection":[{"href":"https:\/\/todoapulmon-rafaela.com\/index.php\/wp-json\/wp\/v2\/posts"}],"about":[{"href":"https:\/\/todoapulmon-rafaela.com\/index.php\/wp-json\/wp\/v2\/types\/post"}],"author":[{"embeddable":true,"href":"https:\/\/todoapulmon-rafaela.com\/index.php\/wp-json\/wp\/v2\/users\/2"}],"replies":[{"embeddable":true,"href":"https:\/\/todoapulmon-rafaela.com\/index.php\/wp-json\/wp\/v2\/comments?post=37277"}],"version-history":[{"count":1,"href":"https:\/\/todoapulmon-rafaela.com\/index.php\/wp-json\/wp\/v2\/posts\/37277\/revisions"}],"predecessor-version":[{"id":37280,"href":"https:\/\/todoapulmon-rafaela.com\/index.php\/wp-json\/wp\/v2\/posts\/37277\/revisions\/37280"}],"wp:featuredmedia":[{"embeddable":true,"href":"https:\/\/todoapulmon-rafaela.com\/index.php\/wp-json\/wp\/v2\/media\/37278"}],"wp:attachment":[{"href":"https:\/\/todoapulmon-rafaela.com\/index.php\/wp-json\/wp\/v2\/media?parent=37277"}],"wp:term":[{"taxonomy":"category","embeddable":true,"href":"https:\/\/todoapulmon-rafaela.com\/index.php\/wp-json\/wp\/v2\/categories?post=37277"},{"taxonomy":"post_tag","embeddable":true,"href":"https:\/\/todoapulmon-rafaela.com\/index.php\/wp-json\/wp\/v2\/tags?post=37277"}],"curies":[{"name":"wp","href":"https:\/\/api.w.org\/{rel}","templated":true}]}}