{"id":37261,"date":"2023-02-13T02:28:45","date_gmt":"2023-02-13T02:28:45","guid":{"rendered":"https:\/\/todoapulmon-rafaela.com\/?p=37261"},"modified":"2023-02-13T02:44:31","modified_gmt":"2023-02-13T02:44:31","slug":"sebastian-baez-cerro-con-el-titulo-una-gran-semana-en-cordoba","status":"publish","type":"post","link":"https:\/\/todoapulmon-rafaela.com\/index.php\/2023\/02\/13\/sebastian-baez-cerro-con-el-titulo-una-gran-semana-en-cordoba\/","title":{"rendered":"Sebasti\u00e1n B\u00e1ez cerr\u00f3 con el t\u00edtulo una gran semana en C\u00f3rdoba"},"content":{"rendered":"<p>El bonaerense Sebasti\u00e1n B\u00e1ez, 47\u00ba en el ranking de la ATP y cuarto preclasificado, derrot\u00f3 esta noche al rosarino Federico Coria (67) por 6-1, 3-6 y 6-3 y se consagr\u00f3 campe\u00f3n de la quinta edici\u00f3n del C\u00f3rdoba Open ATP250, que concluy\u00f3 en el Polo Deportivo Kempes.<\/p>\n<p>B\u00e1ez, de 22 a\u00f1os, se adjudic\u00f3 as\u00ed su segundo t\u00edtulo ATP, luego de quedarse el a\u00f1o pasado con el Abierto de Estoril, y desde ma\u00f1ana aparecer\u00e1 en el puesto 37 del ranking, y se acerca a la mejor posici\u00f3n que logr\u00f3 en su carrera, cuando en agosto de 2022 lleg\u00f3 al 31\u00ba lugar.<\/p>\n<p>Apenas concluido el juego tras recibir el cetro, el oriundo de San Mart\u00edn agradeci\u00f3 a los presentes \u00abpor estar toda la semana con tanto calor\u00bb, a la vez que record\u00f3, emocionado, que lo logrado es \u00abgracias\u00bb a su equipo y la familia que lo acompa\u00f1a, adem\u00e1s de felicitar a Coria por tener \u00abuna gran semana\u00bb.<\/p>\n<p>El torneo de C\u00f3rdoba, categor\u00eda 250, reparti\u00f3 642.735 d\u00f3lares en premios.<\/p>\n","protected":false},"excerpt":{"rendered":"<p>El bonaerense Sebasti\u00e1n B\u00e1ez, 47\u00ba en el ranking de la ATP y cuarto preclasificado, derrot\u00f3 esta noche al rosarino Federico<\/p>\n","protected":false},"author":2,"featured_media":37262,"comment_status":"closed","ping_status":"closed","sticky":false,"template":"","format":"standard","meta":{"footnotes":""},"categories":[24,6],"tags":[],"class_list":["post-37261","post","type-post","status-publish","format-standard","has-post-thumbnail","hentry","category-noticias-destacadas","category-tenis"],"cc_featured_image_caption":{"caption_text":"FOTO CORDOBA OPEN","source_text":"","source_url":""},"_links":{"self":[{"href":"https:\/\/todoapulmon-rafaela.com\/index.php\/wp-json\/wp\/v2\/posts\/37261"}],"collection":[{"href":"https:\/\/todoapulmon-rafaela.com\/index.php\/wp-json\/wp\/v2\/posts"}],"about":[{"href":"https:\/\/todoapulmon-rafaela.com\/index.php\/wp-json\/wp\/v2\/types\/post"}],"author":[{"embeddable":true,"href":"https:\/\/todoapulmon-rafaela.com\/index.php\/wp-json\/wp\/v2\/users\/2"}],"replies":[{"embeddable":true,"href":"https:\/\/todoapulmon-rafaela.com\/index.php\/wp-json\/wp\/v2\/comments?post=37261"}],"version-history":[{"count":1,"href":"https:\/\/todoapulmon-rafaela.com\/index.php\/wp-json\/wp\/v2\/posts\/37261\/revisions"}],"predecessor-version":[{"id":37263,"href":"https:\/\/todoapulmon-rafaela.com\/index.php\/wp-json\/wp\/v2\/posts\/37261\/revisions\/37263"}],"wp:featuredmedia":[{"embeddable":true,"href":"https:\/\/todoapulmon-rafaela.com\/index.php\/wp-json\/wp\/v2\/media\/37262"}],"wp:attachment":[{"href":"https:\/\/todoapulmon-rafaela.com\/index.php\/wp-json\/wp\/v2\/media?parent=37261"}],"wp:term":[{"taxonomy":"category","embeddable":true,"href":"https:\/\/todoapulmon-rafaela.com\/index.php\/wp-json\/wp\/v2\/categories?post=37261"},{"taxonomy":"post_tag","embeddable":true,"href":"https:\/\/todoapulmon-rafaela.com\/index.php\/wp-json\/wp\/v2\/tags?post=37261"}],"curies":[{"name":"wp","href":"https:\/\/api.w.org\/{rel}","templated":true}]}}