{"id":37259,"date":"2023-02-13T17:05:07","date_gmt":"2023-02-13T17:05:07","guid":{"rendered":"https:\/\/todoapulmon-rafaela.com\/?p=37259"},"modified":"2023-02-13T17:09:55","modified_gmt":"2023-02-13T17:09:55","slug":"corriendo-por-el-corazon-de-luci","status":"publish","type":"post","link":"https:\/\/todoapulmon-rafaela.com\/index.php\/2023\/02\/13\/corriendo-por-el-corazon-de-luci\/","title":{"rendered":"Corriendo por el coraz\u00f3n de Luci"},"content":{"rendered":"<p>Este domingo se realiz\u00f3 en la Costanera santafesina la prueba pedestre denominada \u00abMarat\u00f3n Santa Fe Corre por tu Coraz\u00f3n\u00bb, en una jornada de concientizaci\u00f3n sobre las cardiopat\u00edas cong\u00e9nitas. El evento fue organizado por la Fundaci\u00f3n Cardiopat\u00edas Cong\u00e9nitas de Santa Fe.<\/p>\n<p>Entre los m\u00e1s de 400 participantes que completaron los 5 kil\u00f3metros hubo presencias rafaelinas y queremos destacar, especialmente, el porqu\u00e9 de la participaci\u00f3n de Gisela Catt\u00e1neo. Destacada en el ciclismo, tuvo una meritoria performance en una disciplina no habitual en ella, ocupando el 22\u00ba puesto de la general femenina con 26m39s.<\/p>\n<p>Gisela y Germ\u00e1n Leandri, otro apasionado del deporte del pedal, disfrutan a Luc\u00eda desde el a\u00f1o pasado. Un problema de salud justamente vinculado al coraz\u00f3n de su peque\u00f1a hija hizo que tuvieran varios meses dif\u00edciles, pero finalmente los m\u00e9dicos pudieron otorgarle la soluci\u00f3n esperada.<\/p>\n<p>\u00abAl control del mes de vida un cardi\u00f3logo infantil de Santa Fe le detect\u00f3 en Luci una cardiopat\u00eda cong\u00e9nita, llamada m\u00e9dicamente dextrotransposici\u00f3n. B\u00e1sicamente los dos grandes vasos del coraz\u00f3n, la arteria aorta y la pulmonar, estaban invertidas desde donde sal\u00edan en los ventr\u00edculos. El circuito de la sangre lo estaba haciendo invertido y de tal manera la \u00fanica soluci\u00f3n era intervenirla quir\u00fargicamente\u00bb, nos interioriz\u00f3 Gise sobre el origen de la afecci\u00f3n en 2022.<\/p>\n<p>Desde Santa Fe los derivaron al Hospital Garraham en Buenos Aires, que fue en cierto modo la etapa m\u00e1s dura, lejos de Rafaela. \u00abEstuvimos un mes, pero todo sali\u00f3 bien en la operaci\u00f3n. Ahora ella est\u00e1 de diez, tendr\u00e1 controles de por vida y otro tipo de cuidados vamos a tener que tener, pero lo importante es que su salud no corre peligro\u00bb.<\/p>\n<p>Gisela agreg\u00f3 entonces sobre la carrera de ayer, que \u00abAhora somos parte de la Fundaci\u00f3n de Cardiopat\u00edas Cong\u00e9nitas y estuvo bueno apoyar esta iniciativa como concientizaci\u00f3n para toda la gente\u00bb.<\/p>\n<p>PRINCIPALES PUESTOS<\/p>\n<p>La ganadora de la general femenina fue Mar\u00eda Emilia Antille de Santa Fe en 19m28s. Adem\u00e1s de Gisela, 22\u00aa en 26m 39s, otras participaciones rafaelinas entre las mejores ubicadas: 35\u00aa Victoria Morel en 27m47s y 36\u00aa Candela Bracamonte en 27m 54.<\/p>\n<p>En varones gan\u00f3 Carlos Johnson (Monte Vera). en 16m 34s. De Rafaela, ocup\u00f3 el puesto\u00a045 Esteban Barrera.<\/p>\n","protected":false},"excerpt":{"rendered":"<p>Este domingo se realiz\u00f3 en la Costanera santafesina la prueba pedestre denominada \u00abMarat\u00f3n Santa Fe Corre por tu Coraz\u00f3n\u00bb, en<\/p>\n","protected":false},"author":2,"featured_media":37297,"comment_status":"closed","ping_status":"closed","sticky":false,"template":"","format":"standard","meta":{"footnotes":""},"categories":[7,24],"tags":[],"class_list":["post-37259","post","type-post","status-publish","format-standard","has-post-thumbnail","hentry","category-atletismo","category-noticias-destacadas"],"cc_featured_image_caption":{"caption_text":"Gisela, Germ\u00e1n y la peque\u00f1a Luci (foto Maratonistas Santafesinos).","source_text":"","source_url":""},"_links":{"self":[{"href":"https:\/\/todoapulmon-rafaela.com\/index.php\/wp-json\/wp\/v2\/posts\/37259"}],"collection":[{"href":"https:\/\/todoapulmon-rafaela.com\/index.php\/wp-json\/wp\/v2\/posts"}],"about":[{"href":"https:\/\/todoapulmon-rafaela.com\/index.php\/wp-json\/wp\/v2\/types\/post"}],"author":[{"embeddable":true,"href":"https:\/\/todoapulmon-rafaela.com\/index.php\/wp-json\/wp\/v2\/users\/2"}],"replies":[{"embeddable":true,"href":"https:\/\/todoapulmon-rafaela.com\/index.php\/wp-json\/wp\/v2\/comments?post=37259"}],"version-history":[{"count":4,"href":"https:\/\/todoapulmon-rafaela.com\/index.php\/wp-json\/wp\/v2\/posts\/37259\/revisions"}],"predecessor-version":[{"id":37299,"href":"https:\/\/todoapulmon-rafaela.com\/index.php\/wp-json\/wp\/v2\/posts\/37259\/revisions\/37299"}],"wp:featuredmedia":[{"embeddable":true,"href":"https:\/\/todoapulmon-rafaela.com\/index.php\/wp-json\/wp\/v2\/media\/37297"}],"wp:attachment":[{"href":"https:\/\/todoapulmon-rafaela.com\/index.php\/wp-json\/wp\/v2\/media?parent=37259"}],"wp:term":[{"taxonomy":"category","embeddable":true,"href":"https:\/\/todoapulmon-rafaela.com\/index.php\/wp-json\/wp\/v2\/categories?post=37259"},{"taxonomy":"post_tag","embeddable":true,"href":"https:\/\/todoapulmon-rafaela.com\/index.php\/wp-json\/wp\/v2\/tags?post=37259"}],"curies":[{"name":"wp","href":"https:\/\/api.w.org\/{rel}","templated":true}]}}