{"id":37250,"date":"2023-02-11T23:08:15","date_gmt":"2023-02-11T23:08:15","guid":{"rendered":"https:\/\/todoapulmon-rafaela.com\/?p=37250"},"modified":"2023-02-11T23:21:44","modified_gmt":"2023-02-11T23:21:44","slug":"el-cordoba-open-tendra-un-campeon-argentino","status":"publish","type":"post","link":"https:\/\/todoapulmon-rafaela.com\/index.php\/2023\/02\/11\/el-cordoba-open-tendra-un-campeon-argentino\/","title":{"rendered":"El C\u00f3rdoba Open tendr\u00e1 un campe\u00f3n argentino"},"content":{"rendered":"<div class=\"mail-message-content collapsible zoom-normal mail-show-images \">\n<div class=\"clear\">\n<div dir=\"ltr\">El bonaerense Sebasti\u00e1n B\u00e1ez, que ocupa el 47\u00ba lugar en el ranking mundial ATP, y el rosarino Federico Coria (67), superaron este s\u00e1bado al espa\u00f1ol al boliviano Hugo Dellien (138) y al espa\u00f1ol Albert Ramos Vinolas (54) respectivamente, y se enfrentar\u00e1n este domingo -desde las 17- en la final de la quinta edici\u00f3n del C\u00f3rdoba Open ATP250 que se desarrolla en el Polo Deportivo Kempes.<br \/>\nB\u00e1ez, cuarto preclasificado, construy\u00f3 su triunfo en base a la solidez que mantuvo durante toda la semana, y se termin\u00f3 imponiendo por 6-4 y 6-4, en tanto que Coria tuvo un buen desempe\u00f1o, a pesar de alg\u00fan altibajo en el segundo set, y se qued\u00f3 con el triunfo ante el vigente campe\u00f3n por 6-4 y 7-6 (2).<br \/>\nEn el encuentro que cerr\u00f3 la sofocante tarde cordobesa, B\u00e1ez impuso condiciones desde el inicio, quebr\u00f3 el saque de arranque y manej\u00f3 los hilos del partido, pero la reacci\u00f3n del boliviano tambi\u00e9n fue inmediata, y remont\u00f3 un 0-2 para pasar a comandar 3-2. Aunque B\u00e1ez tras ese sofoc\u00f3n volvi\u00f3 a las bases, apost\u00f3 a los puntos largos y as\u00ed Dellien cay\u00f3 una y otra vez en sus propios errores, lo que le permiti\u00f3 al argentino encaminar ese set inicial y definirlo con claridad.<br \/>\nEl torneo categor\u00eda 250 reparte 642.735 d\u00f3lares en premios y es televisado por la se\u00f1al Fox Sports 2.<\/div>\n<div dir=\"ltr\">El certamen de dobles se definir\u00e1 en la previa al juego de singles, y la dupla argentina M\u00e1ximo Gonz\u00e1lez-Andr\u00e9s Molteni buscar\u00e1 celebrar cuando se enfrente a los franceses Sadio Doumbia y Fabien Reboul.<\/div>\n<\/div>\n<\/div>\n","protected":false},"excerpt":{"rendered":"<p>El bonaerense Sebasti\u00e1n B\u00e1ez, que ocupa el 47\u00ba lugar en el ranking mundial ATP, y el rosarino Federico Coria (67),<\/p>\n","protected":false},"author":2,"featured_media":37251,"comment_status":"closed","ping_status":"closed","sticky":false,"template":"","format":"standard","meta":{"footnotes":""},"categories":[24,6],"tags":[],"class_list":["post-37250","post","type-post","status-publish","format-standard","has-post-thumbnail","hentry","category-noticias-destacadas","category-tenis"],"cc_featured_image_caption":{"caption_text":"","source_text":"","source_url":""},"_links":{"self":[{"href":"https:\/\/todoapulmon-rafaela.com\/index.php\/wp-json\/wp\/v2\/posts\/37250"}],"collection":[{"href":"https:\/\/todoapulmon-rafaela.com\/index.php\/wp-json\/wp\/v2\/posts"}],"about":[{"href":"https:\/\/todoapulmon-rafaela.com\/index.php\/wp-json\/wp\/v2\/types\/post"}],"author":[{"embeddable":true,"href":"https:\/\/todoapulmon-rafaela.com\/index.php\/wp-json\/wp\/v2\/users\/2"}],"replies":[{"embeddable":true,"href":"https:\/\/todoapulmon-rafaela.com\/index.php\/wp-json\/wp\/v2\/comments?post=37250"}],"version-history":[{"count":2,"href":"https:\/\/todoapulmon-rafaela.com\/index.php\/wp-json\/wp\/v2\/posts\/37250\/revisions"}],"predecessor-version":[{"id":37254,"href":"https:\/\/todoapulmon-rafaela.com\/index.php\/wp-json\/wp\/v2\/posts\/37250\/revisions\/37254"}],"wp:featuredmedia":[{"embeddable":true,"href":"https:\/\/todoapulmon-rafaela.com\/index.php\/wp-json\/wp\/v2\/media\/37251"}],"wp:attachment":[{"href":"https:\/\/todoapulmon-rafaela.com\/index.php\/wp-json\/wp\/v2\/media?parent=37250"}],"wp:term":[{"taxonomy":"category","embeddable":true,"href":"https:\/\/todoapulmon-rafaela.com\/index.php\/wp-json\/wp\/v2\/categories?post=37250"},{"taxonomy":"post_tag","embeddable":true,"href":"https:\/\/todoapulmon-rafaela.com\/index.php\/wp-json\/wp\/v2\/tags?post=37250"}],"curies":[{"name":"wp","href":"https:\/\/api.w.org\/{rel}","templated":true}]}}