{"id":37217,"date":"2023-02-09T11:41:29","date_gmt":"2023-02-09T11:41:29","guid":{"rendered":"https:\/\/todoapulmon-rafaela.com\/?p=37217"},"modified":"2023-02-09T11:41:29","modified_gmt":"2023-02-09T11:41:29","slug":"pampas-y-dogos-jugaran-un-amistoso-este-viernes","status":"publish","type":"post","link":"https:\/\/todoapulmon-rafaela.com\/index.php\/2023\/02\/09\/pampas-y-dogos-jugaran-un-amistoso-este-viernes\/","title":{"rendered":"Pampas y Dogos jugar\u00e1n un amistoso este viernes"},"content":{"rendered":"<p>Pampas y Dogos XV se medir\u00e1n en un partido amistoso, en la previa al arranque del S\u00faper Rugby Am\u00e9ricas, este viernes desde las 16:30 en la sede de Deportiva Francesa, en Buenos Aires.<br \/>\nA pocos d\u00edas del torneo que comenzar\u00e1 el s\u00e1bado 18 de febrero, los equipos nacionales estar\u00e1n frente a frente en un duelo preparatorio. En la quinta fecha del torneo, el viernes 17 de marzo, se jugar\u00e1 el encuentro entre ambos de manera oficial: Pampas recibir\u00e1 a Dogos XV en Buenos Aires y viajar\u00e1 a C\u00f3rdoba para la revancha el viernes 5 de mayo.<br \/>\nRecordemos que en Pampas se desempe\u00f1a el rafaelino Lorenzo Colidio, que jugar\u00e1 su segundo torneo continental tras el paso por Olimpia Lions en 2022.<br \/>\nEl amistoso ser\u00e1 observado por Michael Cheika. En Ingeniero Maschwitz el Head Coach de Los Pumas se reuni\u00f3 con su staff, y no quiere dejar pasar la oportunidad para ver de cerca a los jugadores.<\/p>\n","protected":false},"excerpt":{"rendered":"<p>Pampas y Dogos XV se medir\u00e1n en un partido amistoso, en la previa al arranque del S\u00faper Rugby Am\u00e9ricas, este<\/p>\n","protected":false},"author":2,"featured_media":37218,"comment_status":"closed","ping_status":"closed","sticky":false,"template":"","format":"standard","meta":{"footnotes":""},"categories":[24,2],"tags":[],"class_list":["post-37217","post","type-post","status-publish","format-standard","has-post-thumbnail","hentry","category-noticias-destacadas","category-rugby"],"cc_featured_image_caption":{"caption_text":"Lorenzo Colidio, integrante de Pampas XV.","source_text":"","source_url":""},"_links":{"self":[{"href":"https:\/\/todoapulmon-rafaela.com\/index.php\/wp-json\/wp\/v2\/posts\/37217"}],"collection":[{"href":"https:\/\/todoapulmon-rafaela.com\/index.php\/wp-json\/wp\/v2\/posts"}],"about":[{"href":"https:\/\/todoapulmon-rafaela.com\/index.php\/wp-json\/wp\/v2\/types\/post"}],"author":[{"embeddable":true,"href":"https:\/\/todoapulmon-rafaela.com\/index.php\/wp-json\/wp\/v2\/users\/2"}],"replies":[{"embeddable":true,"href":"https:\/\/todoapulmon-rafaela.com\/index.php\/wp-json\/wp\/v2\/comments?post=37217"}],"version-history":[{"count":1,"href":"https:\/\/todoapulmon-rafaela.com\/index.php\/wp-json\/wp\/v2\/posts\/37217\/revisions"}],"predecessor-version":[{"id":37219,"href":"https:\/\/todoapulmon-rafaela.com\/index.php\/wp-json\/wp\/v2\/posts\/37217\/revisions\/37219"}],"wp:featuredmedia":[{"embeddable":true,"href":"https:\/\/todoapulmon-rafaela.com\/index.php\/wp-json\/wp\/v2\/media\/37218"}],"wp:attachment":[{"href":"https:\/\/todoapulmon-rafaela.com\/index.php\/wp-json\/wp\/v2\/media?parent=37217"}],"wp:term":[{"taxonomy":"category","embeddable":true,"href":"https:\/\/todoapulmon-rafaela.com\/index.php\/wp-json\/wp\/v2\/categories?post=37217"},{"taxonomy":"post_tag","embeddable":true,"href":"https:\/\/todoapulmon-rafaela.com\/index.php\/wp-json\/wp\/v2\/tags?post=37217"}],"curies":[{"name":"wp","href":"https:\/\/api.w.org\/{rel}","templated":true}]}}