{"id":37156,"date":"2023-02-04T23:50:23","date_gmt":"2023-02-04T23:50:23","guid":{"rendered":"https:\/\/todoapulmon-rafaela.com\/?p=37156"},"modified":"2023-02-04T23:50:23","modified_gmt":"2023-02-04T23:50:23","slug":"crar-puso-en-marcha-el-ano-para-las-juveniles","status":"publish","type":"post","link":"https:\/\/todoapulmon-rafaela.com\/index.php\/2023\/02\/04\/crar-puso-en-marcha-el-ano-para-las-juveniles\/","title":{"rendered":"CRAR puso en marcha el a\u00f1o para las juveniles"},"content":{"rendered":"<p>Este s\u00e1bado comenz\u00f3 la pretemporada de las categor\u00edas juveniles del C\u00edrculo Rafaelino de Rugby, con una buena concurrencia de chicos de las cuatro divisiones competitivas: M15, M16, M17 y M19. Los equipos y sus respectivos staffs t\u00e9cnicos tendr\u00e1n m\u00e1s de un mes y medio para prepararse de cara al torneo Dos Orillas.<\/p>\n<p>Durante el primer d\u00eda de actividad dialogamos con los Coordinadores Andr\u00e9s Sorisio y Ramiro Far\u00edas, para que nos brinden un panorama general de un \u00e1rea fundamental y que es sin\u00f3nimo de orgullo para la instituci\u00f3n, a partir de los jugadores que surgieron en estos \u00faltimos a\u00f1os, con dos Pumas como Mayco Vivas y Pedro Rubiolo, y un campe\u00f3n del Inter-Academias UAR, Ignacio Sapino.<\/p>\n<p>\u00abEs un desaf\u00edo grande volver a arrancar este a\u00f1o, ya fuera de la pandemia, bien a pleno, con todo el calendario armado. Comenzamos con la pretemporada, los entrenadores est\u00e1n realizando las testeos, entusiasmados y con mucha ganas\u00bb, describi\u00f3 \u00abChori\u00bb Sorisio.<\/p>\n<p><img loading=\"lazy\" decoding=\"async\" class=\"alignnone size-full wp-image-37160\" src=\"https:\/\/todoapulmon-rafaela.com\/wp-content\/uploads\/2023\/02\/Screenshot_20230204-204346_Gallery.jpg\" alt=\"\" width=\"720\" height=\"423\" srcset=\"https:\/\/todoapulmon-rafaela.com\/wp-content\/uploads\/2023\/02\/Screenshot_20230204-204346_Gallery.jpg 720w, https:\/\/todoapulmon-rafaela.com\/wp-content\/uploads\/2023\/02\/Screenshot_20230204-204346_Gallery-300x176.jpg 300w\" sizes=\"(max-width: 720px) 100vw, 720px\" \/><\/p>\n<p>En tanto, Far\u00edas destac\u00f3 que \u00abhoy tenemos un buen n\u00famero de chicos, en una \u00e9poca especial con gente que se va de vacaciones, pero contamos con buena convocatoria. Tambi\u00e9n es muy positiva la cantidad de entrenadores que tenemos, se arm\u00f3 un lindo grupo para los chicos\u00bb.<\/p>\n<p>Sobre la parte competitiva, Sorisio expres\u00f3 que \u00abtenemos definida la competencia del a\u00f1o, solamente nos falta -creo que la semana que viene se define en la Uni\u00f3n Santafesina-, como van a ser las local\u00edas y el n\u00famero de partidos. A la categor\u00eda M17 se le presenta un torneo argentino de juveniles de seleccionados, entre octubre y noviembre, y la M19 tiene un desaf\u00edo importante que es el TRL, con la Uni\u00f3n Santafesina y Entrerriana, un torneo donde los mejores jugar\u00e1n junto a los clubes de la Rosarina un certamen que les brinde a los chicos un panorama interesante, porque los va metiendo de a poco en el plantel superior, siendo un est\u00edmulo distinto a lo que tienen las otras categor\u00edas\u00bb.<\/p>\n<p><img loading=\"lazy\" decoding=\"async\" class=\"alignnone size-full wp-image-37161\" src=\"https:\/\/todoapulmon-rafaela.com\/wp-content\/uploads\/2023\/02\/P1480278-scaled.jpg\" alt=\"\" width=\"2560\" height=\"1920\" srcset=\"https:\/\/todoapulmon-rafaela.com\/wp-content\/uploads\/2023\/02\/P1480278-scaled.jpg 2560w, https:\/\/todoapulmon-rafaela.com\/wp-content\/uploads\/2023\/02\/P1480278-300x225.jpg 300w, https:\/\/todoapulmon-rafaela.com\/wp-content\/uploads\/2023\/02\/P1480278-2000x1500.jpg 2000w, https:\/\/todoapulmon-rafaela.com\/wp-content\/uploads\/2023\/02\/P1480278-1536x1152.jpg 1536w, https:\/\/todoapulmon-rafaela.com\/wp-content\/uploads\/2023\/02\/P1480278-2048x1536.jpg 2048w\" sizes=\"(max-width: 2560px) 100vw, 2560px\" \/><\/p>\n<p>Como epicentro del proceso, Far\u00edas manifest\u00f3 que \u00abel objetivo es seguir creciendo, aumentar la base de los jugadores en las divisiones formativas y juveniles para que lleguen m\u00e1s chicos al plantel superior, y seguir mejorando lo que venimos haciendo a\u00f1o a a\u00f1o\u00bb.<\/p>\n<p>En materia de partidos amistosos previos al Dos Orillas, CRAR estar\u00e1 visitando a Universitario de Santa Fe el 4 de marzo y a Atl\u00e9tico del Rosario el 13 de marzo.<\/p>\n<p>&nbsp;<\/p>\n","protected":false},"excerpt":{"rendered":"<p>Este s\u00e1bado comenz\u00f3 la pretemporada de las categor\u00edas juveniles del C\u00edrculo Rafaelino de Rugby, con una buena concurrencia de chicos<\/p>\n","protected":false},"author":2,"featured_media":37159,"comment_status":"closed","ping_status":"closed","sticky":false,"template":"","format":"standard","meta":{"footnotes":""},"categories":[24,2],"tags":[],"class_list":["post-37156","post","type-post","status-publish","format-standard","has-post-thumbnail","hentry","category-noticias-destacadas","category-rugby"],"cc_featured_image_caption":{"caption_text":"","source_text":"","source_url":""},"_links":{"self":[{"href":"https:\/\/todoapulmon-rafaela.com\/index.php\/wp-json\/wp\/v2\/posts\/37156"}],"collection":[{"href":"https:\/\/todoapulmon-rafaela.com\/index.php\/wp-json\/wp\/v2\/posts"}],"about":[{"href":"https:\/\/todoapulmon-rafaela.com\/index.php\/wp-json\/wp\/v2\/types\/post"}],"author":[{"embeddable":true,"href":"https:\/\/todoapulmon-rafaela.com\/index.php\/wp-json\/wp\/v2\/users\/2"}],"replies":[{"embeddable":true,"href":"https:\/\/todoapulmon-rafaela.com\/index.php\/wp-json\/wp\/v2\/comments?post=37156"}],"version-history":[{"count":2,"href":"https:\/\/todoapulmon-rafaela.com\/index.php\/wp-json\/wp\/v2\/posts\/37156\/revisions"}],"predecessor-version":[{"id":37162,"href":"https:\/\/todoapulmon-rafaela.com\/index.php\/wp-json\/wp\/v2\/posts\/37156\/revisions\/37162"}],"wp:featuredmedia":[{"embeddable":true,"href":"https:\/\/todoapulmon-rafaela.com\/index.php\/wp-json\/wp\/v2\/media\/37159"}],"wp:attachment":[{"href":"https:\/\/todoapulmon-rafaela.com\/index.php\/wp-json\/wp\/v2\/media?parent=37156"}],"wp:term":[{"taxonomy":"category","embeddable":true,"href":"https:\/\/todoapulmon-rafaela.com\/index.php\/wp-json\/wp\/v2\/categories?post=37156"},{"taxonomy":"post_tag","embeddable":true,"href":"https:\/\/todoapulmon-rafaela.com\/index.php\/wp-json\/wp\/v2\/tags?post=37156"}],"curies":[{"name":"wp","href":"https:\/\/api.w.org\/{rel}","templated":true}]}}